{"id":9920,"date":"2024-02-27T12:18:56","date_gmt":"2024-02-27T18:18:56","guid":{"rendered":"https:\/\/www.4plcr.net\/?p=9920"},"modified":"2024-02-27T12:18:56","modified_gmt":"2024-02-27T18:18:56","slug":"impacto-inminente-en-america-latina-la-crisis-del-mar-rojo-y-sus-implicaciones-en-el-transporte-maritimo","status":"publish","type":"post","link":"https:\/\/www.4plcr.net\/en\/impacto-inminente-en-america-latina-la-crisis-del-mar-rojo-y-sus-implicaciones-en-el-transporte-maritimo\/","title":{"rendered":"Impacto inminente en Am\u00e9rica Latina: La crisis del Mar Rojo y sus implicaciones en el transporte mar\u00edtimo."},"content":{"rendered":"<h2 class=\"wp-block-heading\">Lars Jensen, experto en la industria mar\u00edtima, anticipa un aumento en las tarifas debido a la reubicaci\u00f3n de buques alrededor de \u00c1frica.<\/h2>\n\n\n\n<p>La crisis desatada en el Mar Rojo, una arteria vital del comercio global, plantea desaf\u00edos sin precedentes para el sector mar\u00edtimo. Lars Jensen, ejecutivo de Vespucci Maritime con m\u00e1s de dos d\u00e9cadas de experiencia en la industria, se\u00f1ala que esta coyuntura ha forzado una reevaluaci\u00f3n estrat\u00e9gica de las rutas comerciales, destacando la interconexi\u00f3n y vulnerabilidad del transporte mar\u00edtimo mundial. Jensen comparti\u00f3 estas reflexiones durante el reciente seminario \u00abCrisis en el Mar Rojo: C\u00f3mo la geopol\u00edtica afecta el env\u00edo\u00bb, organizado por el Departamento de Derecho Comercial de la Universidad Externado de Colombia.<\/p>\n\n\n\n<h3 class=\"wp-block-heading\">Impacto de la geopol\u00edtica en el transporte mar\u00edtimo<\/h3>\n\n\n\n<p>Seg\u00fan Jensen, el actor central en esta crisis son los rebeldes hut\u00edes en Yemen, cuyas acciones se intensificaron tras el inicio de los conflictos en Gaza. Estos grupos han optado por presionar pol\u00edticamente a Israel mediante ataques a buques. A pesar de que los primeros ataques ocurrieron en noviembre, fue en diciembre cuando se intensificaron, llevando a las navieras a redirigir sus rutas alrededor de \u00c1frica para garantizar la seguridad del transporte mar\u00edtimo.<\/p>\n\n\n\n<h3 class=\"wp-block-heading\">Comparaci\u00f3n con la pandemia<\/h3>\n\n\n\n<p>Jensen compara esta crisis con la pandemia, destacando que ambos eventos han requerido adaptaciones significativas en la industria. Mientras que la pandemia afect\u00f3 la capacidad y eficiencia del comercio global, la crisis del Mar Rojo desaf\u00eda directamente la seguridad y log\u00edstica del transporte mar\u00edtimo.<\/p>\n\n\n\n<h3 class=\"wp-block-heading\">Efecto en Am\u00e9rica Latina<\/h3>\n\n\n\n<p>Seg\u00fan Jensen, Am\u00e9rica Latina se ver\u00e1 impactada por esta crisis debido a la reubicaci\u00f3n de buques alrededor de \u00c1frica. Las navieras, en busca de rutas m\u00e1s rentables, est\u00e1n retirando buques de otras regiones, lo que eventualmente aumentar\u00e1 las tarifas en Am\u00e9rica Latina. La escasez de agua en el Canal de Panam\u00e1 tambi\u00e9n complica la situaci\u00f3n, limitando a\u00fan m\u00e1s la capacidad de tr\u00e1nsito y aumentando las tarifas para la regi\u00f3n.<\/p>\n\n\n\n<h3 class=\"wp-block-heading\">Planificaci\u00f3n a largo plazo y preparaci\u00f3n<\/h3>\n\n\n\n<p>Jensen subraya la importancia de la planificaci\u00f3n a largo plazo y la preparaci\u00f3n para futuras incertidumbres. Propone que la industria puede aprender de esta crisis y de la pandemia para fortalecer las cadenas de suministro y mejorar la gesti\u00f3n de riesgos.<\/p>","protected":false},"excerpt":{"rendered":"<p>Lars Jensen, experto en la industria mar\u00edtima, anticipa un aumento en las tarifas debido a la reubicaci\u00f3n de buques alrededor de \u00c1frica.<\/p>","protected":false},"author":1,"featured_media":9922,"comment_status":"open","ping_status":"open","sticky":false,"template":"","format":"standard","meta":{"footnotes":""},"categories":[11],"tags":[158,267,268,269,114,20,41,123],"class_list":["post-9920","post","type-post","status-publish","format-standard","has-post-thumbnail","hentry","category-noticias","tag-4pl","tag-4pl-costa-rica","tag-4pl-el-salvador","tag-4pl-guatemala","tag-costa-rica","tag-el-salvador","tag-guatemala","tag-transporte-de-carga"],"aioseo_notices":[],"_links":{"self":[{"href":"https:\/\/www.4plcr.net\/en\/wp-json\/wp\/v2\/posts\/9920","targetHints":{"allow":["GET"]}}],"collection":[{"href":"https:\/\/www.4plcr.net\/en\/wp-json\/wp\/v2\/posts"}],"about":[{"href":"https:\/\/www.4plcr.net\/en\/wp-json\/wp\/v2\/types\/post"}],"author":[{"embeddable":true,"href":"https:\/\/www.4plcr.net\/en\/wp-json\/wp\/v2\/users\/1"}],"replies":[{"embeddable":true,"href":"https:\/\/www.4plcr.net\/en\/wp-json\/wp\/v2\/comments?post=9920"}],"version-history":[{"count":0,"href":"https:\/\/www.4plcr.net\/en\/wp-json\/wp\/v2\/posts\/9920\/revisions"}],"wp:featuredmedia":[{"embeddable":true,"href":"https:\/\/www.4plcr.net\/en\/wp-json\/wp\/v2\/media\/9922"}],"wp:attachment":[{"href":"https:\/\/www.4plcr.net\/en\/wp-json\/wp\/v2\/media?parent=9920"}],"wp:term":[{"taxonomy":"category","embeddable":true,"href":"https:\/\/www.4plcr.net\/en\/wp-json\/wp\/v2\/categories?post=9920"},{"taxonomy":"post_tag","embeddable":true,"href":"https:\/\/www.4plcr.net\/en\/wp-json\/wp\/v2\/tags?post=9920"}],"curies":[{"name":"wp","href":"https:\/\/api.w.org\/{rel}","templated":true}]}}