{"id":9905,"date":"2024-02-09T07:55:04","date_gmt":"2024-02-09T13:55:04","guid":{"rendered":"https:\/\/www.4plcr.net\/?p=9905"},"modified":"2024-02-09T07:55:04","modified_gmt":"2024-02-09T13:55:04","slug":"participacion-de-15-empresas-costarricenses-en-la-feria-fruit-logistica-2024","status":"publish","type":"post","link":"https:\/\/www.4plcr.net\/en\/participacion-de-15-empresas-costarricenses-en-la-feria-fruit-logistica-2024\/","title":{"rendered":"Participaci\u00f3n de 15 empresas costarricenses en la Feria Fruit Log\u00edstica 2024"},"content":{"rendered":"<p>La participaci\u00f3n de Costa Rica en la Feria Fruit Log\u00edstica, la cual se llevar\u00e1 a cabo del 7 al 9 de febrero de 2024 en Berl\u00edn, Alemania, no solo servir\u00e1 para diversificar las exportaciones, sino tambi\u00e9n para ampliar la cartera de clientes de las empresas del pa\u00eds. La delegaci\u00f3n costarricense, conformada por 15 empresas de productos frescos, busca posicionar su destacado cat\u00e1logo de exportaci\u00f3n en el evento l\u00edder a nivel mundial para el sector.<\/p>\n\n\n\n<p>En colaboraci\u00f3n con la Promotora del Comercio Exterior de Costa Rica (PROCOMER), durante tres d\u00edas, la delegaci\u00f3n exhibir\u00e1 su variedad de productos frescos, desde pi\u00f1a fresca hasta papaya y pl\u00e1tano, as\u00ed como productos con valor agregado como pi\u00f1a deshidratada y harinas gluten free. Laura L\u00f3pez, Gerente General de PROCOMER, destac\u00f3 la importancia de esta participaci\u00f3n: \u00abLa Feria Fruit Log\u00edstica 2024 es una nueva oportunidad para continuar con el posicionamiento de nuestra diversa oferta de productos frescos en el mundo. Con la presencia de m\u00e1s de 140 pa\u00edses, se abren nuevas oportunidades de negocio para nuestras empresas\u00bb.<\/p>\n\n\n\n<p>Seg\u00fan datos de la Direcci\u00f3n de Inteligencia Comercial de PROCOMER, el sector agr\u00edcola y la industria alimentaria, especialmente en productos frescos, son de gran relevancia en las exportaciones de Costa Rica, siendo Estados Unidos, Pa\u00edses Bajos, B\u00e9lgica, Espa\u00f1a e Italia sus principales compradores.<\/p>\n\n\n\n<p>La participaci\u00f3n en esta feria no solo representa una oportunidad para conectar con naciones europeas clave, sino que tambi\u00e9n contribuye a la estrategia de atracci\u00f3n de Inversi\u00f3n Extranjera Directa (IED) de PROCOMER. La delegaci\u00f3n nacional presentar\u00e1 el programa Descubre, destacando productos como curcuma, jengibre y mango, recientemente incorporados al portafolio, con el objetivo de revalorizar la agricultura como una actividad sostenible y promover la inversi\u00f3n en zonas rurales y costeras del pa\u00eds.<\/p>\n\n\n\n<p>La presencia costarricense en la Feria Fruit Log\u00edstica 2024 no solo busca promover sus productos, sino tambi\u00e9n reafirmar su compromiso con la sostenibilidad y la protecci\u00f3n del medio ambiente. \u00abQueremos mostrar a los compradores e inversionistas internacionales que la agricultura y sus procesos pueden ser sostenibles y beneficiosos para el medio ambiente\u00bb, concluy\u00f3 L\u00f3pez.<\/p>","protected":false},"excerpt":{"rendered":"<p>La participaci\u00f3n de Costa Rica en la Feria Fruit Log\u00edstica, la cual se llevar\u00e1 a cabo del 7 al 9 de febrero de 2024 en Berl\u00edn, Alemania, no solo servir\u00e1 para diversificar las exportaciones, sino tambi\u00e9n para ampliar la cartera de clientes de las empresas del pa\u00eds. La delegaci\u00f3n costarricense, conformada por 15 empresas de [&hellip;]<\/p>\n","protected":false},"author":1,"featured_media":9906,"comment_status":"open","ping_status":"open","sticky":false,"template":"","format":"standard","meta":{"footnotes":""},"categories":[11],"tags":[158,267,268,269,114,20,41,559,123],"class_list":["post-9905","post","type-post","status-publish","format-standard","has-post-thumbnail","hentry","category-noticias","tag-4pl","tag-4pl-costa-rica","tag-4pl-el-salvador","tag-4pl-guatemala","tag-costa-rica","tag-el-salvador","tag-guatemala","tag-noticias-de-logistica","tag-transporte-de-carga"],"aioseo_notices":[],"_links":{"self":[{"href":"https:\/\/www.4plcr.net\/en\/wp-json\/wp\/v2\/posts\/9905","targetHints":{"allow":["GET"]}}],"collection":[{"href":"https:\/\/www.4plcr.net\/en\/wp-json\/wp\/v2\/posts"}],"about":[{"href":"https:\/\/www.4plcr.net\/en\/wp-json\/wp\/v2\/types\/post"}],"author":[{"embeddable":true,"href":"https:\/\/www.4plcr.net\/en\/wp-json\/wp\/v2\/users\/1"}],"replies":[{"embeddable":true,"href":"https:\/\/www.4plcr.net\/en\/wp-json\/wp\/v2\/comments?post=9905"}],"version-history":[{"count":0,"href":"https:\/\/www.4plcr.net\/en\/wp-json\/wp\/v2\/posts\/9905\/revisions"}],"wp:featuredmedia":[{"embeddable":true,"href":"https:\/\/www.4plcr.net\/en\/wp-json\/wp\/v2\/media\/9906"}],"wp:attachment":[{"href":"https:\/\/www.4plcr.net\/en\/wp-json\/wp\/v2\/media?parent=9905"}],"wp:term":[{"taxonomy":"category","embeddable":true,"href":"https:\/\/www.4plcr.net\/en\/wp-json\/wp\/v2\/categories?post=9905"},{"taxonomy":"post_tag","embeddable":true,"href":"https:\/\/www.4plcr.net\/en\/wp-json\/wp\/v2\/tags?post=9905"}],"curies":[{"name":"wp","href":"https:\/\/api.w.org\/{rel}","templated":true}]}}