{"id":9809,"date":"2023-11-22T17:19:30","date_gmt":"2023-11-22T23:19:30","guid":{"rendered":"https:\/\/www.4plcr.net\/?p=9809"},"modified":"2023-11-22T17:19:30","modified_gmt":"2023-11-22T23:19:30","slug":"desafios-en-el-transporte-de-carga-fruticola-desde-chile-peru-y-ecuador-debido-a-restricciones-en-el-canal-de-panama","status":"publish","type":"post","link":"https:\/\/www.4plcr.net\/en\/desafios-en-el-transporte-de-carga-fruticola-desde-chile-peru-y-ecuador-debido-a-restricciones-en-el-canal-de-panama\/","title":{"rendered":"Desaf\u00edos en el transporte de carga frut\u00edcola desde Chile, Per\u00fa y Ecuador debido a restricciones en el Canal de Panam\u00e1."},"content":{"rendered":"<p>En este \u00faltimo trimestre del a\u00f1o, el panorama del comercio mar\u00edtimo de contenedores refrigerados ha experimentado desaf\u00edos significativos, anticip\u00e1ndose a un segundo a\u00f1o consecutivo de disminuci\u00f3n en la demanda de carga. Las restricciones de tr\u00e1nsito en el Canal de Panam\u00e1, impactado por la sequ\u00eda, est\u00e1n comenzando a tener repercusiones en la capacidad de los buques que gestionan las exportaciones de productos perecederos desde la costa oeste de Sudam\u00e9rica, seg\u00fan informa el reciente estudio de Drewry&#8217;s Reefer Shipping.<\/p>\n\n\n\n<p>Una combinaci\u00f3n de factores, desde impactos clim\u00e1ticos en cultivos frutales clave hasta la d\u00e9bil demanda china y tensiones geopol\u00edticas, ha afectado las perspectivas a corto plazo. Se proyecta que las cargas refrigeradas mar\u00edtimas para 2023 disminuir\u00e1n en un -0,5% interanual, marcando dos a\u00f1os consecutivos de contracci\u00f3n en este mercado, despu\u00e9s de la disminuci\u00f3n del 0,8% el a\u00f1o pasado.<\/p>\n\n\n\n<p>La disminuci\u00f3n en la demanda de carnes en China, la baja en el sector de pescado y mariscos debido a olas de calor marinas, y la tendencia a la reducci\u00f3n de exportaciones frut\u00edcolas de varias regiones, han contribuido a este escenario. El comercio de bananos tambi\u00e9n ha enfrentado desaf\u00edos operativos y una demanda d\u00e9bil, resultando en una disminuci\u00f3n de las exportaciones mar\u00edtimas este a\u00f1o.<\/p>\n\n\n\n<p>La situaci\u00f3n cr\u00edtica en el Canal de Panam\u00e1, con reducci\u00f3n de tr\u00e1nsitos y calados debido a la falta de lluvias hist\u00f3ricamente bajas, est\u00e1 generando la posibilidad de desv\u00edos y la necesidad de mantener itinerarios estrictos, lo que aumenta el riesgo de dejar carga en Chile, Per\u00fa y Ecuador, seg\u00fan indican informes recientes. Los servicios ch\u00e1rter o estacionales se ver\u00e1n obligados a desviarse a trav\u00e9s del Estrecho de Magallanes o el Cabo de Hornos, generando costos m\u00e1s altos y tiempos de tr\u00e1nsito m\u00e1s largos para los propietarios beneficiarios de la carga (BCOs).<\/p>\n\n\n\n<p>Este escenario tambi\u00e9n implica que los propietarios de carga deben prepararse para recargos del Canal de Panam\u00e1 por parte de las l\u00edneas navieras, como CMA CGM, y verificar la disponibilidad de espacios antes de comprometerse. Adem\u00e1s, la entrada en vigor del Sistema de Comercio de Emisiones (ETS) de la UE en enero pr\u00f3ximo a\u00f1ade incertidumbre y mayores costos, con la posible afectaci\u00f3n de los recargos por emisiones debido a la volatilidad prevista en los precios de los derechos de emisi\u00f3n de carbono.<\/p>\n\n\n\n<p>A pesar de la disminuci\u00f3n en la demanda de carga, las tarifas de transporte de contenedores refrigerados muestran resiliencia en comparaci\u00f3n con el mercado de transporte de contenedores en general, aunque siguen experimentando reducciones. El \u00edndice global de tarifas de transporte de contenedores refrigerados de Drewry ha ca\u00eddo un 34% interanual en el 3T 2023, en contraste con la ca\u00edda m\u00e1s pronunciada del 74% en el \u00edndice equivalente para contenedores dry. Se pronostican nuevas disminuciones en las tarifas de transporte de contenedores refrigerados para el pr\u00f3ximo a\u00f1o, a pesar de la expectativa de un crecimiento futuro en el comercio mar\u00edtimo de contenedores refrigerados, impulsado por el crecimiento de la poblaci\u00f3n mundial con una tasa anual promedio del 3,2% hasta 2027.<\/p>","protected":false},"excerpt":{"rendered":"<p>En este \u00faltimo trimestre del a\u00f1o, el panorama del comercio mar\u00edtimo de contenedores refrigerados ha experimentado desaf\u00edos significativos, anticip\u00e1ndose a un segundo a\u00f1o consecutivo de disminuci\u00f3n en la demanda de carga. Las restricciones de tr\u00e1nsito en el Canal de Panam\u00e1, impactado por la sequ\u00eda, est\u00e1n comenzando a tener repercusiones en la capacidad de los buques [&hellip;]<\/p>\n","protected":false},"author":1,"featured_media":9810,"comment_status":"open","ping_status":"open","sticky":false,"template":"","format":"standard","meta":{"footnotes":""},"categories":[11],"tags":[158,267,268,269,114,41,579,123],"class_list":["post-9809","post","type-post","status-publish","format-standard","has-post-thumbnail","hentry","category-noticias","tag-4pl","tag-4pl-costa-rica","tag-4pl-el-salvador","tag-4pl-guatemala","tag-costa-rica","tag-guatemala","tag-logistica-de-transporte","tag-transporte-de-carga"],"aioseo_notices":[],"_links":{"self":[{"href":"https:\/\/www.4plcr.net\/en\/wp-json\/wp\/v2\/posts\/9809","targetHints":{"allow":["GET"]}}],"collection":[{"href":"https:\/\/www.4plcr.net\/en\/wp-json\/wp\/v2\/posts"}],"about":[{"href":"https:\/\/www.4plcr.net\/en\/wp-json\/wp\/v2\/types\/post"}],"author":[{"embeddable":true,"href":"https:\/\/www.4plcr.net\/en\/wp-json\/wp\/v2\/users\/1"}],"replies":[{"embeddable":true,"href":"https:\/\/www.4plcr.net\/en\/wp-json\/wp\/v2\/comments?post=9809"}],"version-history":[{"count":0,"href":"https:\/\/www.4plcr.net\/en\/wp-json\/wp\/v2\/posts\/9809\/revisions"}],"wp:featuredmedia":[{"embeddable":true,"href":"https:\/\/www.4plcr.net\/en\/wp-json\/wp\/v2\/media\/9810"}],"wp:attachment":[{"href":"https:\/\/www.4plcr.net\/en\/wp-json\/wp\/v2\/media?parent=9809"}],"wp:term":[{"taxonomy":"category","embeddable":true,"href":"https:\/\/www.4plcr.net\/en\/wp-json\/wp\/v2\/categories?post=9809"},{"taxonomy":"post_tag","embeddable":true,"href":"https:\/\/www.4plcr.net\/en\/wp-json\/wp\/v2\/tags?post=9809"}],"curies":[{"name":"wp","href":"https:\/\/api.w.org\/{rel}","templated":true}]}}