{"id":9796,"date":"2023-11-13T16:46:39","date_gmt":"2023-11-13T22:46:39","guid":{"rendered":"https:\/\/www.4plcr.net\/?p=9796"},"modified":"2023-11-13T16:46:39","modified_gmt":"2023-11-13T22:46:39","slug":"desafios-en-el-transporte-maritimo-aumentan-los-volumenes-de-contenedores-pero-las-acciones-de-las-lineas-navieras-enfrentan-un-dificil-panorama","status":"publish","type":"post","link":"https:\/\/www.4plcr.net\/en\/desafios-en-el-transporte-maritimo-aumentan-los-volumenes-de-contenedores-pero-las-acciones-de-las-lineas-navieras-enfrentan-un-dificil-panorama\/","title":{"rendered":"Desaf\u00edos en el transporte mar\u00edtimo: Aumentan los vol\u00famenes de contenedores, pero las acciones de las l\u00edneas navieras enfrentan un dif\u00edcil panorama."},"content":{"rendered":"<p>Los vol\u00famenes globales de contenedores movilizados experimentaron un notable incremento del 12,8% interanual en septiembre de 2023, seg\u00fan Container Trades Statistics Limited (CTS), marcando un aparente resurgimiento. Simon Heaney, Senior Manager en An\u00e1lisis de Contenedores de Drewry, destaca que este crecimiento proporciona \u00abun brillo adicional\u00bb, aunque advierte sobre la necesidad de analizar m\u00e1s all\u00e1 de las cifras.<\/p>\n\n\n\n<p>Heaney se\u00f1ala que la desaceleraci\u00f3n del transporte mar\u00edtimo de contenedores comenz\u00f3 en el segundo semestre de 2022, estableciendo una base m\u00e1s baja para 2023. A pesar del aumento aparentemente significativo en septiembre de 2023, Heaney destaca que fue m\u00e1s un \u00absubproducto estad\u00edstico\u00bb que un indicador s\u00f3lido de la demanda, con un descenso del 1% intermensual y posicion\u00e1ndose como el decimotercer mes m\u00e1s activo de la d\u00e9cada.<\/p>\n\n\n\n<p>Aunque Heaney proyecta un optimismo moderado para el futuro, indicando que los informes de CTS deber\u00edan reflejar tasas de crecimiento impresionantes, el mercado muestra inquietud. Las acciones de las l\u00edneas navieras han experimentado una ca\u00edda pronunciada en el cuarto trimestre de 2023, reflejando una debilidad operativa m\u00e1s amplia.<\/p>\n\n\n\n<p>Aditi Niranjan, analista de Acciones de Drewry, informa que el \u00edndice Drewry Container Equity cay\u00f3 un 16,9% entre junio y noviembre de 2023, aceler\u00e1ndose en el cuarto trimestre. Las acciones de las principales l\u00edneas navieras, como Maersk y Hapag-Lloyd, han disminuido significativamente, mientras que Evergreen ha sido una excepci\u00f3n con un aumento del 12,3% debido a un fuerte desempe\u00f1o en el tercer trimestre de 2023.<\/p>\n\n\n\n<p>Niranjan destaca la preocupaci\u00f3n del mercado ante los d\u00e9biles resultados financieros del tercer trimestre y sugiere que los inversionistas est\u00e1n vendiendo preventivamente sus participaciones en el sector. A pesar de algunas excepciones, las l\u00edneas navieras enfrentan una presi\u00f3n descendente, agravada por la anticipada sobreoferta en el mercado de transporte mar\u00edtimo de contenedores, proyectada para alcanzar un m\u00e1ximo hist\u00f3rico a fines de 2023 y persistir en los pr\u00f3ximos a\u00f1os, afectando las tarifas y el mercado spot.<\/p>","protected":false},"excerpt":{"rendered":"<p>Los vol\u00famenes globales de contenedores movilizados experimentaron un notable incremento del 12,8% interanual en septiembre de 2023, seg\u00fan Container Trades Statistics Limited (CTS), marcando un aparente resurgimiento. Simon Heaney, Senior Manager en An\u00e1lisis de Contenedores de Drewry, destaca que este crecimiento proporciona \u00abun brillo adicional\u00bb, aunque advierte sobre la necesidad de analizar m\u00e1s all\u00e1 de [&hellip;]<\/p>\n","protected":false},"author":1,"featured_media":9554,"comment_status":"open","ping_status":"open","sticky":false,"template":"","format":"standard","meta":{"footnotes":""},"categories":[11],"tags":[158,267,269,114,20,41,579,123],"class_list":["post-9796","post","type-post","status-publish","format-standard","has-post-thumbnail","hentry","category-noticias","tag-4pl","tag-4pl-costa-rica","tag-4pl-guatemala","tag-costa-rica","tag-el-salvador","tag-guatemala","tag-logistica-de-transporte","tag-transporte-de-carga"],"aioseo_notices":[],"_links":{"self":[{"href":"https:\/\/www.4plcr.net\/en\/wp-json\/wp\/v2\/posts\/9796","targetHints":{"allow":["GET"]}}],"collection":[{"href":"https:\/\/www.4plcr.net\/en\/wp-json\/wp\/v2\/posts"}],"about":[{"href":"https:\/\/www.4plcr.net\/en\/wp-json\/wp\/v2\/types\/post"}],"author":[{"embeddable":true,"href":"https:\/\/www.4plcr.net\/en\/wp-json\/wp\/v2\/users\/1"}],"replies":[{"embeddable":true,"href":"https:\/\/www.4plcr.net\/en\/wp-json\/wp\/v2\/comments?post=9796"}],"version-history":[{"count":0,"href":"https:\/\/www.4plcr.net\/en\/wp-json\/wp\/v2\/posts\/9796\/revisions"}],"wp:featuredmedia":[{"embeddable":true,"href":"https:\/\/www.4plcr.net\/en\/wp-json\/wp\/v2\/media\/9554"}],"wp:attachment":[{"href":"https:\/\/www.4plcr.net\/en\/wp-json\/wp\/v2\/media?parent=9796"}],"wp:term":[{"taxonomy":"category","embeddable":true,"href":"https:\/\/www.4plcr.net\/en\/wp-json\/wp\/v2\/categories?post=9796"},{"taxonomy":"post_tag","embeddable":true,"href":"https:\/\/www.4plcr.net\/en\/wp-json\/wp\/v2\/tags?post=9796"}],"curies":[{"name":"wp","href":"https:\/\/api.w.org\/{rel}","templated":true}]}}