{"id":9781,"date":"2023-11-02T15:43:56","date_gmt":"2023-11-02T21:43:56","guid":{"rendered":"https:\/\/www.4plcr.net\/?p=9781"},"modified":"2023-11-02T15:43:56","modified_gmt":"2023-11-02T21:43:56","slug":"canal-de-panama-anuncia-que-solo-18-buques-al-dia-podran-transitar-por-la-via-interoceanica-a-partir-de-febrero-del-2024","status":"publish","type":"post","link":"https:\/\/www.4plcr.net\/en\/canal-de-panama-anuncia-que-solo-18-buques-al-dia-podran-transitar-por-la-via-interoceanica-a-partir-de-febrero-del-2024\/","title":{"rendered":"Canal de Panam\u00e1 anuncia que s\u00f3lo 18 buques al d\u00eda podr\u00e1n transitar por la v\u00eda interoce\u00e1nica a partir de febrero del 2024"},"content":{"rendered":"<p>Octubre se situ\u00f3 como el mes m\u00e1s seco de Panam\u00e1, desde que se cuenta con registros hace 73 a\u00f1os, pues ha llovido un 41% menos que lo habitual llevando al lago Gat\u00fan a niveles sin precedentes para esta \u00e9poca del a\u00f1o. A esto se suma el fen\u00f3meno de El Ni\u00f1o que sigue impactando severamente el sistema de embalses del Canal de Panam\u00e1. Por ello, cuando faltan aproximadamente 50 d\u00edas para que concluya la \u00e9poca lluviosa, el Canal de Panam\u00e1 anunci\u00f3 nuevas medidas para mantener un calado competitivo.<\/p>\n\n\n\n<p>En concreto, los cupos de reserva se establecen de la siguiente manera, desde noviembre 2023 hasta febrero 2024:<\/p>\n\n\n\n<ul class=\"wp-block-list\">\n<li>3 al 7 de noviembre: 25 cupos de reserva<\/li>\n\n\n\n<li>8 al 30 de noviembre: 24 cupos de reserva<\/li>\n\n\n\n<li>1 al 31 de diciembre: 22 cupos de reserva<\/li>\n\n\n\n<li>1 al 31 de enero de 2024: 20 cupos de reserva<\/li>\n\n\n\n<li>A partir del 1 de febrero 18 cupos de reserva&nbsp;<\/li>\n<\/ul>\n\n\n\n<p><strong>Otras medidas&nbsp;<\/strong><\/p>\n\n\n\n<p>Las nuevas medidas se suman a las adoptadas previamente para preservar el recurso h\u00eddrico y garantizar la seguridad de las operaciones de tr\u00e1nsito, por ejemplo, el uso de las tinas de reutilizaci\u00f3n de agua en las esclusas Neopanamax y el llenado cruzado en las esclusas Panamax.<\/p>\n\n\n\n<p>\u201cEl Canal de Panam\u00e1 insta a sus clientes a hacer reservas, ya que esto les permite garantizar su tr\u00e1nsito seg\u00fan lo programado. Adicionalmente, se proporciona informaci\u00f3n con anticipaci\u00f3n, as\u00ed como en tiempo real, de manera que las navieras puedan planificar y tomar las mejores decisiones. Los especialistas del Canal se mantienen vigilantes de la variabilidad clim\u00e1tica y los patrones de lluvia para implementar acciones que garanticen que las operaciones se mantengan seguras, eficientes y competitivas para beneficio de Panam\u00e1 y el comercio mar\u00edtimo mundial\u201d, inform\u00f3 el Canal.&nbsp;<\/p>\n\n\n\n<p>Cabe mencionar que el Canal y Panam\u00e1\u00a0 se enfrentan al desaf\u00edo que representar\u00e1 la pr\u00f3xima temporada seca con una reserva m\u00ednima de agua que debe garantizar el abastecimiento a m\u00e1s del 50% de la poblaci\u00f3n y, a la vez, mantener las operaciones de la v\u00eda interoce\u00e1nica.<\/p>\n\n\n\n<p>Fuente: https:\/\/www.mundomaritimo.cl\/noticias\/canal-de-panama-anuncia-que-solo-18-buques-al-dia-podran-transitar-por-la-via-interoceanica-a-partir-de-febrero-del-2024<\/p>","protected":false},"excerpt":{"rendered":"<p>Octubre se situ\u00f3 como el mes m\u00e1s seco de Panam\u00e1, desde que se cuenta con registros hace 73 a\u00f1os, pues ha llovido un 41% menos que lo habitual llevando al lago Gat\u00fan a niveles sin precedentes para esta \u00e9poca del a\u00f1o. A esto se suma el fen\u00f3meno de El Ni\u00f1o que sigue impactando severamente el [&hellip;]<\/p>\n","protected":false},"author":1,"featured_media":9587,"comment_status":"open","ping_status":"open","sticky":false,"template":"","format":"standard","meta":{"footnotes":""},"categories":[11],"tags":[158,267,269,114,20,41,123],"class_list":["post-9781","post","type-post","status-publish","format-standard","has-post-thumbnail","hentry","category-noticias","tag-4pl","tag-4pl-costa-rica","tag-4pl-guatemala","tag-costa-rica","tag-el-salvador","tag-guatemala","tag-transporte-de-carga"],"aioseo_notices":[],"_links":{"self":[{"href":"https:\/\/www.4plcr.net\/en\/wp-json\/wp\/v2\/posts\/9781","targetHints":{"allow":["GET"]}}],"collection":[{"href":"https:\/\/www.4plcr.net\/en\/wp-json\/wp\/v2\/posts"}],"about":[{"href":"https:\/\/www.4plcr.net\/en\/wp-json\/wp\/v2\/types\/post"}],"author":[{"embeddable":true,"href":"https:\/\/www.4plcr.net\/en\/wp-json\/wp\/v2\/users\/1"}],"replies":[{"embeddable":true,"href":"https:\/\/www.4plcr.net\/en\/wp-json\/wp\/v2\/comments?post=9781"}],"version-history":[{"count":0,"href":"https:\/\/www.4plcr.net\/en\/wp-json\/wp\/v2\/posts\/9781\/revisions"}],"wp:featuredmedia":[{"embeddable":true,"href":"https:\/\/www.4plcr.net\/en\/wp-json\/wp\/v2\/media\/9587"}],"wp:attachment":[{"href":"https:\/\/www.4plcr.net\/en\/wp-json\/wp\/v2\/media?parent=9781"}],"wp:term":[{"taxonomy":"category","embeddable":true,"href":"https:\/\/www.4plcr.net\/en\/wp-json\/wp\/v2\/categories?post=9781"},{"taxonomy":"post_tag","embeddable":true,"href":"https:\/\/www.4plcr.net\/en\/wp-json\/wp\/v2\/tags?post=9781"}],"curies":[{"name":"wp","href":"https:\/\/api.w.org\/{rel}","templated":true}]}}