{"id":9767,"date":"2023-10-24T17:28:44","date_gmt":"2023-10-24T23:28:44","guid":{"rendered":"https:\/\/www.4plcr.net\/?p=9767"},"modified":"2023-10-24T17:28:44","modified_gmt":"2023-10-24T23:28:44","slug":"suspension-temporal-de-subastas-especiales-y-extraordinarias-en-el-canal-de-panama","status":"publish","type":"post","link":"https:\/\/www.4plcr.net\/en\/suspension-temporal-de-subastas-especiales-y-extraordinarias-en-el-canal-de-panama\/","title":{"rendered":"Suspensi\u00f3n Temporal de Subastas Especiales y Extraordinarias en el Canal de Panam\u00e1"},"content":{"rendered":"<p>La Autoridad del Canal de Panam\u00e1 (ACP) ha informado oficialmente a todos los agentes navieros, armadores y operadores mar\u00edtimos la suspensi\u00f3n temporal de las Subastas Extraordinarias y Especiales en las Esclusas Neopanamax, as\u00ed como de las Subastas Diarias en las Esclusas Panamax.<\/p>\n\n\n\n<p>Esta medida, que se aplica tanto a tr\u00e1nsitos supers como a tr\u00e1nsitos regulares, estar\u00e1 en vigor hasta el martes 31 de octubre de 2023.<\/p>\n\n\n\n<p>En consecuencia, durante este per\u00edodo, no se llevar\u00e1n a cabo subastas hasta el domingo 29 de octubre de 2023.<\/p>\n\n\n\n<p>No obstante, es importante destacar que la subasta diaria, normalmente realizada siete d\u00edas antes del tr\u00e1nsito en las esclusas Neopanamax, continuar\u00e1 sin cambios.<\/p>\n\n\n\n<p>La ACP ha se\u00f1alado su disposici\u00f3n a anunciar medidas adicionales en caso de que se consideren necesarias para garantizar la eficiencia operativa. Estaremos atentos a futuras actualizaciones y compartiremos la informaci\u00f3n relevante a medida que est\u00e9 disponible.<\/p>","protected":false},"excerpt":{"rendered":"<p>La Autoridad del Canal de Panam\u00e1 (ACP) ha informado oficialmente a todos los agentes navieros, armadores y operadores mar\u00edtimos la suspensi\u00f3n temporal de las Subastas Extraordinarias y Especiales en las Esclusas Neopanamax, as\u00ed como de las Subastas Diarias en las Esclusas Panamax. Esta medida, que se aplica tanto a tr\u00e1nsitos supers como a tr\u00e1nsitos regulares, [&hellip;]<\/p>\n","protected":false},"author":1,"featured_media":9768,"comment_status":"open","ping_status":"open","sticky":false,"template":"","format":"standard","meta":{"footnotes":""},"categories":[11],"tags":[158,267,268,269,114,20,41,580,123],"class_list":["post-9767","post","type-post","status-publish","format-standard","has-post-thumbnail","hentry","category-noticias","tag-4pl","tag-4pl-costa-rica","tag-4pl-el-salvador","tag-4pl-guatemala","tag-costa-rica","tag-el-salvador","tag-guatemala","tag-logsitica-de-transporte","tag-transporte-de-carga"],"aioseo_notices":[],"_links":{"self":[{"href":"https:\/\/www.4plcr.net\/en\/wp-json\/wp\/v2\/posts\/9767","targetHints":{"allow":["GET"]}}],"collection":[{"href":"https:\/\/www.4plcr.net\/en\/wp-json\/wp\/v2\/posts"}],"about":[{"href":"https:\/\/www.4plcr.net\/en\/wp-json\/wp\/v2\/types\/post"}],"author":[{"embeddable":true,"href":"https:\/\/www.4plcr.net\/en\/wp-json\/wp\/v2\/users\/1"}],"replies":[{"embeddable":true,"href":"https:\/\/www.4plcr.net\/en\/wp-json\/wp\/v2\/comments?post=9767"}],"version-history":[{"count":0,"href":"https:\/\/www.4plcr.net\/en\/wp-json\/wp\/v2\/posts\/9767\/revisions"}],"wp:featuredmedia":[{"embeddable":true,"href":"https:\/\/www.4plcr.net\/en\/wp-json\/wp\/v2\/media\/9768"}],"wp:attachment":[{"href":"https:\/\/www.4plcr.net\/en\/wp-json\/wp\/v2\/media?parent=9767"}],"wp:term":[{"taxonomy":"category","embeddable":true,"href":"https:\/\/www.4plcr.net\/en\/wp-json\/wp\/v2\/categories?post=9767"},{"taxonomy":"post_tag","embeddable":true,"href":"https:\/\/www.4plcr.net\/en\/wp-json\/wp\/v2\/tags?post=9767"}],"curies":[{"name":"wp","href":"https:\/\/api.w.org\/{rel}","templated":true}]}}