{"id":9757,"date":"2023-10-23T10:15:15","date_gmt":"2023-10-23T16:15:15","guid":{"rendered":"https:\/\/www.4plcr.net\/?p=9757"},"modified":"2023-10-23T10:15:15","modified_gmt":"2023-10-23T16:15:15","slug":"el-bajo-consumo-desafio-principal-en-la-industria-del-transporte-maritimo-de-contenedores","status":"publish","type":"post","link":"https:\/\/www.4plcr.net\/en\/el-bajo-consumo-desafio-principal-en-la-industria-del-transporte-maritimo-de-contenedores\/","title":{"rendered":"El bajo consumo: Desaf\u00edo principal en la industria del transporte mar\u00edtimo de contenedores"},"content":{"rendered":"<p>La industria del transporte mar\u00edtimo de contenedores siempre ha estado marcada por ciclos econ\u00f3micos, pero en los \u00faltimos a\u00f1os, ha enfrentado extremos in\u00e9ditos, como se\u00f1ala el experto en el sector, Jon Monroe. Seg\u00fan Monroe, \u00ablos a\u00f1os entre 2019 y 2023 han sido testigos de desaf\u00edos sin precedentes\u00bb, y a pesar de la percepci\u00f3n de una vuelta a la normalidad pre-Covid, la realidad es diferente.<\/p>\n\n\n\n<p>Durante este a\u00f1o, la industria ha continuado experimentando perturbaciones, incluyendo cambios en los itinerarios de los buques (conocidos como blank sailings), un exceso de capacidad, reducci\u00f3n de vol\u00famenes, sequ\u00edas que afectan el Canal de Panam\u00e1 y conflictos laborales. Adem\u00e1s, los costos macroecon\u00f3micos han aumentado, haciendo que los costos operativos sean m\u00e1s elevados. Las presiones inflacionarias, el incremento en los costos laborales y las tasas de inter\u00e9s en aumento han llevado a muchas empresas a enfrentar dificultades sin precedentes.<\/p>\n\n\n\n<p>El comportamiento de la demanda en este contexto es crucial. Seg\u00fan Monroe, las empresas que importan productos de consumo estacionales son las que corren un riesgo particularmente alto. Esto se traduce en el cierre de tiendas e incluso en la quiebra de algunas empresas. Los consumidores parecen estar priorizando gastos en cambios de estilo de vida, servicios y experiencias, lo que resulta en un enfoque m\u00e1s cauteloso en la reposici\u00f3n de inventarios por parte de los minoristas.<\/p>\n\n\n\n<p>A medida que ingresamos al cuarto trimestre del a\u00f1o, es probable que no veamos una temporada alta, algo inusual seg\u00fan Monroe. Normalmente, los minoristas se apresuran a asegurar capacidad de transporte mar\u00edtimo antes del Mid-Autumn Festival y la Golden Week en China, pero este a\u00f1o no ha habido demoras en los pedidos desde Occidente.<\/p>\n\n\n\n<p>Jon Monroe se\u00f1ala que la estrategia de los minoristas es aprovechar las condiciones de mercado d\u00e9biles y la incertidumbre para reducir costos siempre que sea posible. Esto ha llevado a despidos y cierres de tiendas en la industria minorista, incluso en empresas que est\u00e1n teniendo un buen desempe\u00f1o. M\u00e1s de 50 minoristas anunciaron despidos y cierres de tiendas en el primer semestre de este a\u00f1o, afectando a todos los aspectos del negocio, desde los centros de distribuci\u00f3n hasta el servicio al cliente. \u00bfSe est\u00e1n preparando para tiempos dif\u00edciles que se avecinan?<\/p>\n\n\n\n<p>Monroe, al reflexionar sobre lo que ha sucedido en 2023, plantea que nadie esperaba enfrentar desaf\u00edos tan desafiantes en la normalizaci\u00f3n post-Covid. Se\u00f1ala que los consumidores son la ra\u00edz del problema en cuanto a los obst\u00e1culos econ\u00f3micos que enfrenta el sector minorista. \u00abSimplemente no est\u00e1n gastando lo suficiente. Los consumidores son cautelosos debido a la incertidumbre econ\u00f3mica, adem\u00e1s de los cambios geopol\u00edticos en el mundo, lo que agrega m\u00e1s incertidumbre a su mentalidad\u00bb.<\/p>\n\n\n\n<p>En \u00faltima instancia, Monroe argumenta que la econom\u00eda ha pasado de un extremo bajo en tiempos de Covid a un extremo opuesto en la era post-Covid. Un estudio reciente de McKinsey revela que solo el 33% de los consumidores en los Estados Unidos se sienten optimistas en el tercer trimestre de 2023, y esto se considera cautelosamente optimista. En resumen, el panorama econ\u00f3mico actual presenta desaf\u00edos sin precedentes en la industria del transporte mar\u00edtimo de contenedores y el comercio minorista.<\/p>","protected":false},"excerpt":{"rendered":"<p>La industria del transporte mar\u00edtimo de contenedores siempre ha estado marcada por ciclos econ\u00f3micos, pero en los \u00faltimos a\u00f1os, ha enfrentado extremos in\u00e9ditos, como se\u00f1ala el experto en el sector, Jon Monroe. Seg\u00fan Monroe, \u00ablos a\u00f1os entre 2019 y 2023 han sido testigos de desaf\u00edos sin precedentes\u00bb, y a pesar de la percepci\u00f3n de una [&hellip;]<\/p>\n","protected":false},"author":1,"featured_media":9758,"comment_status":"open","ping_status":"open","sticky":false,"template":"","format":"standard","meta":{"footnotes":""},"categories":[11],"tags":[158,267,268,269,114,20,41,579,123],"class_list":["post-9757","post","type-post","status-publish","format-standard","has-post-thumbnail","hentry","category-noticias","tag-4pl","tag-4pl-costa-rica","tag-4pl-el-salvador","tag-4pl-guatemala","tag-costa-rica","tag-el-salvador","tag-guatemala","tag-logistica-de-transporte","tag-transporte-de-carga"],"aioseo_notices":[],"_links":{"self":[{"href":"https:\/\/www.4plcr.net\/en\/wp-json\/wp\/v2\/posts\/9757","targetHints":{"allow":["GET"]}}],"collection":[{"href":"https:\/\/www.4plcr.net\/en\/wp-json\/wp\/v2\/posts"}],"about":[{"href":"https:\/\/www.4plcr.net\/en\/wp-json\/wp\/v2\/types\/post"}],"author":[{"embeddable":true,"href":"https:\/\/www.4plcr.net\/en\/wp-json\/wp\/v2\/users\/1"}],"replies":[{"embeddable":true,"href":"https:\/\/www.4plcr.net\/en\/wp-json\/wp\/v2\/comments?post=9757"}],"version-history":[{"count":0,"href":"https:\/\/www.4plcr.net\/en\/wp-json\/wp\/v2\/posts\/9757\/revisions"}],"wp:featuredmedia":[{"embeddable":true,"href":"https:\/\/www.4plcr.net\/en\/wp-json\/wp\/v2\/media\/9758"}],"wp:attachment":[{"href":"https:\/\/www.4plcr.net\/en\/wp-json\/wp\/v2\/media?parent=9757"}],"wp:term":[{"taxonomy":"category","embeddable":true,"href":"https:\/\/www.4plcr.net\/en\/wp-json\/wp\/v2\/categories?post=9757"},{"taxonomy":"post_tag","embeddable":true,"href":"https:\/\/www.4plcr.net\/en\/wp-json\/wp\/v2\/tags?post=9757"}],"curies":[{"name":"wp","href":"https:\/\/api.w.org\/{rel}","templated":true}]}}