{"id":9737,"date":"2023-10-17T12:51:09","date_gmt":"2023-10-17T18:51:09","guid":{"rendered":"https:\/\/www.4plcr.net\/?p=9737"},"modified":"2023-10-17T12:51:09","modified_gmt":"2023-10-17T18:51:09","slug":"desafios-del-transporte-maritimo-de-contenedores-demanda-global-vs-crecimiento-del-pib","status":"publish","type":"post","link":"https:\/\/www.4plcr.net\/en\/desafios-del-transporte-maritimo-de-contenedores-demanda-global-vs-crecimiento-del-pib\/","title":{"rendered":"Desaf\u00edos del Transporte Mar\u00edtimo de Contenedores: Demanda Global Vs. Crecimiento del PIB"},"content":{"rendered":"<h2 class=\"wp-block-heading\"><strong>El desajuste entre la demanda global de transporte mar\u00edtimo de contenedores y el crecimiento del PIB desde 2019 preocupa a las l\u00edneas navieras ante una expansi\u00f3n de capacidad. Descubre los detalles en nuestro an\u00e1lisis.<\/strong><\/h2>\n\n\n\n<p>Antes de la pandemia, la demanda mundial de transporte mar\u00edtimo de contenedores sol\u00eda crecer en l\u00ednea con el PIB mundial. Sin embargo, este equilibrio se rompi\u00f3 antes del per\u00edodo prepand\u00e9mico, seg\u00fan un informe de Sea-Intelligence.<\/p>\n\n\n\n<p>Utilizando datos del crecimiento del PIB mundial hasta 2023, Sea-Intelligence evalu\u00f3 cu\u00e1nto habr\u00edan crecido los vol\u00famenes de TEUs en comparaci\u00f3n con 2019 si se hubiera mantenido la relaci\u00f3n con el PIB. Los resultados revelan que los mercados de contenedores est\u00e1n un -5,9% por debajo de lo esperado.<\/p>\n\n\n\n<p>Esta discrepancia en los TEUs se considera una aproximaci\u00f3n de la demanda global, y la m\u00e9trica TEUs\/Millas es vital al evaluar la capacidad de la flota de portacontenedores a nivel mundial.<\/p>\n\n\n\n<p>En agosto de 2023, la demanda mundial se encuentra un -6,8% por debajo de lo que se habr\u00eda esperado siguiendo el crecimiento del PIB. Este desajuste plantea desaf\u00edos para las l\u00edneas navieras que se preparan para recibir una cantidad considerable de nueva capacidad, seg\u00fan Sea-Intelligence. Conoce m\u00e1s en nuestro an\u00e1lisis detallado.<\/p>","protected":false},"excerpt":{"rendered":"<p>El desajuste entre la demanda global de transporte mar\u00edtimo de contenedores y el crecimiento del PIB desde 2019 preocupa a las l\u00edneas navieras ante una expansi\u00f3n de capacidad. Descubre los detalles en nuestro an\u00e1lisis. Antes de la pandemia, la demanda mundial de transporte mar\u00edtimo de contenedores sol\u00eda crecer en l\u00ednea con el PIB mundial. Sin [&hellip;]<\/p>\n","protected":false},"author":1,"featured_media":9738,"comment_status":"open","ping_status":"open","sticky":false,"template":"","format":"standard","meta":{"footnotes":""},"categories":[11],"tags":[158,267,268,269,114,20,41,419,123],"class_list":["post-9737","post","type-post","status-publish","format-standard","has-post-thumbnail","hentry","category-noticias","tag-4pl","tag-4pl-costa-rica","tag-4pl-el-salvador","tag-4pl-guatemala","tag-costa-rica","tag-el-salvador","tag-guatemala","tag-logistica-internacional","tag-transporte-de-carga"],"aioseo_notices":[],"_links":{"self":[{"href":"https:\/\/www.4plcr.net\/en\/wp-json\/wp\/v2\/posts\/9737","targetHints":{"allow":["GET"]}}],"collection":[{"href":"https:\/\/www.4plcr.net\/en\/wp-json\/wp\/v2\/posts"}],"about":[{"href":"https:\/\/www.4plcr.net\/en\/wp-json\/wp\/v2\/types\/post"}],"author":[{"embeddable":true,"href":"https:\/\/www.4plcr.net\/en\/wp-json\/wp\/v2\/users\/1"}],"replies":[{"embeddable":true,"href":"https:\/\/www.4plcr.net\/en\/wp-json\/wp\/v2\/comments?post=9737"}],"version-history":[{"count":0,"href":"https:\/\/www.4plcr.net\/en\/wp-json\/wp\/v2\/posts\/9737\/revisions"}],"wp:featuredmedia":[{"embeddable":true,"href":"https:\/\/www.4plcr.net\/en\/wp-json\/wp\/v2\/media\/9738"}],"wp:attachment":[{"href":"https:\/\/www.4plcr.net\/en\/wp-json\/wp\/v2\/media?parent=9737"}],"wp:term":[{"taxonomy":"category","embeddable":true,"href":"https:\/\/www.4plcr.net\/en\/wp-json\/wp\/v2\/categories?post=9737"},{"taxonomy":"post_tag","embeddable":true,"href":"https:\/\/www.4plcr.net\/en\/wp-json\/wp\/v2\/tags?post=9737"}],"curies":[{"name":"wp","href":"https:\/\/api.w.org\/{rel}","templated":true}]}}