{"id":9726,"date":"2023-10-12T15:42:23","date_gmt":"2023-10-12T21:42:23","guid":{"rendered":"https:\/\/www.4plcr.net\/?p=9726"},"modified":"2023-10-12T15:42:23","modified_gmt":"2023-10-12T21:42:23","slug":"canal-de-panama-promedio-de-transitos-se-ajustara-a-31-buques-por-dia-a-partir-de-noviembre","status":"publish","type":"post","link":"https:\/\/www.4plcr.net\/en\/canal-de-panama-promedio-de-transitos-se-ajustara-a-31-buques-por-dia-a-partir-de-noviembre\/","title":{"rendered":"Canal de Panam\u00e1: Promedio de tr\u00e1nsitos se ajustar\u00e1 a 31 buques por d\u00eda a partir de noviembre."},"content":{"rendered":"<h2 class=\"wp-block-heading\">El Canal de Panam\u00e1, una v\u00eda de ahorro de agua para el 55% de la poblaci\u00f3n, optimiza su funcionamiento.<\/h2>\n\n\n\n<p>En 2023, el oc\u00e9ano Atl\u00e1ntico experiment\u00f3 temperaturas hist\u00f3ricamente altas debido al fen\u00f3meno de El Ni\u00f1o, que calienta el oc\u00e9ano Pac\u00edfico. Este fen\u00f3meno provoc\u00f3 un retraso en la temporada de lluvias en Panam\u00e1, resultando en una disminuci\u00f3n significativa de los niveles de agua dulce en los reservorios del Canal de Panam\u00e1, esenciales para su operaci\u00f3n.<\/p>\n\n\n\n<p>En respuesta a estos desaf\u00edos, el Canal ha implementado medidas para ahorrar agua y garantizar el abastecimiento de agua al 55% de la poblaci\u00f3n, al tiempo que brinda un servicio competitivo y continuo al comercio mar\u00edtimo global.<\/p>\n\n\n\n<p>Optimizaci\u00f3n de recursos:<\/p>\n\n\n\n<p>Una de estas medidas es el \u00abllenado cruzado\u00bb en las Esclusas Panamax, que implica reutilizar el agua de una c\u00e1mara de la esclusa en la otra, lo que equivale al ahorro de agua equivalente a cinco esclusajes diarios. Adem\u00e1s, cuando las dimensiones de los buques lo permiten, se realizan esclusajes simult\u00e1neos, lo que permite que dos naves transiten al mismo tiempo en la misma c\u00e1mara.<\/p>\n\n\n\n<p>Por otro lado, se ha optimizado el calendario de tr\u00e1nsitos para maximizar el ahorro de agua en cada c\u00e1mara y atender a la mayor cantidad de buques. En las Esclusas Neopanamax, se analiza la direcci\u00f3n y la programaci\u00f3n de los tr\u00e1nsitos para aprovechar al m\u00e1ximo cada gota de este recurso.<\/p>\n\n\n\n<p>Desde el a\u00f1o 2020, el Canal ha estado trabajando en el Programa H\u00eddrico, una iniciativa integral que busca garantizar el acceso a este recurso vital durante los pr\u00f3ximos 50 a\u00f1os.<\/p>\n\n\n\n<p>Otras medidas:<\/p>\n\n\n\n<p>Seg\u00fan el anuncio del 29 de septiembre, a partir del 1 de noviembre, el promedio de tr\u00e1nsitos por el Canal se ajustar\u00e1 a 31 buques por d\u00eda, con nueve a trav\u00e9s de la Esclusa Neopanamax y 22 a trav\u00e9s de la Panamax. Se recomienda a los clientes que anticipen sus reservas para asegurar su tr\u00e1nsito por la ruta.<\/p>\n\n\n\n<p>El Canal de Panam\u00e1 se compromete a informar a sus clientes con suficiente anticipaci\u00f3n antes de que el buque m\u00e1s distante zarpe. Adem\u00e1s, proporciona informaci\u00f3n en tiempo real para que los clientes tomen decisiones informadas. Cumplir con su responsabilidad constitucional de administrar el recurso h\u00eddrico y brindar un servicio eficiente al comercio mar\u00edtimo mundial es un enfoque transparente y sostenible, enfatiza la autoridad del Canal.<\/p>","protected":false},"excerpt":{"rendered":"<p>El Canal de Panam\u00e1, una v\u00eda de ahorro de agua para el 55% de la poblaci\u00f3n, optimiza su funcionamiento. En 2023, el oc\u00e9ano Atl\u00e1ntico experiment\u00f3 temperaturas hist\u00f3ricamente altas debido al fen\u00f3meno de El Ni\u00f1o, que calienta el oc\u00e9ano Pac\u00edfico. Este fen\u00f3meno provoc\u00f3 un retraso en la temporada de lluvias en Panam\u00e1, resultando en una disminuci\u00f3n [&hellip;]<\/p>\n","protected":false},"author":1,"featured_media":9727,"comment_status":"open","ping_status":"open","sticky":false,"template":"","format":"standard","meta":{"footnotes":""},"categories":[11],"tags":[158,267,268,269,114,389,41,123],"class_list":["post-9726","post","type-post","status-publish","format-standard","has-post-thumbnail","hentry","category-noticias","tag-4pl","tag-4pl-costa-rica","tag-4pl-el-salvador","tag-4pl-guatemala","tag-costa-rica","tag-empresas-de-logisitica","tag-guatemala","tag-transporte-de-carga"],"aioseo_notices":[],"_links":{"self":[{"href":"https:\/\/www.4plcr.net\/en\/wp-json\/wp\/v2\/posts\/9726","targetHints":{"allow":["GET"]}}],"collection":[{"href":"https:\/\/www.4plcr.net\/en\/wp-json\/wp\/v2\/posts"}],"about":[{"href":"https:\/\/www.4plcr.net\/en\/wp-json\/wp\/v2\/types\/post"}],"author":[{"embeddable":true,"href":"https:\/\/www.4plcr.net\/en\/wp-json\/wp\/v2\/users\/1"}],"replies":[{"embeddable":true,"href":"https:\/\/www.4plcr.net\/en\/wp-json\/wp\/v2\/comments?post=9726"}],"version-history":[{"count":0,"href":"https:\/\/www.4plcr.net\/en\/wp-json\/wp\/v2\/posts\/9726\/revisions"}],"wp:featuredmedia":[{"embeddable":true,"href":"https:\/\/www.4plcr.net\/en\/wp-json\/wp\/v2\/media\/9727"}],"wp:attachment":[{"href":"https:\/\/www.4plcr.net\/en\/wp-json\/wp\/v2\/media?parent=9726"}],"wp:term":[{"taxonomy":"category","embeddable":true,"href":"https:\/\/www.4plcr.net\/en\/wp-json\/wp\/v2\/categories?post=9726"},{"taxonomy":"post_tag","embeddable":true,"href":"https:\/\/www.4plcr.net\/en\/wp-json\/wp\/v2\/tags?post=9726"}],"curies":[{"name":"wp","href":"https:\/\/api.w.org\/{rel}","templated":true}]}}