{"id":9691,"date":"2023-09-25T14:36:31","date_gmt":"2023-09-25T20:36:31","guid":{"rendered":"https:\/\/www.4plcr.net\/?p=9691"},"modified":"2023-09-25T14:36:31","modified_gmt":"2023-09-25T20:36:31","slug":"analisis-del-desempeno-de-puertos-de-contenedores-a-nivel-global-caida-del-2-1-en-julio-y-proyecciones-para-agosto-de-2023","status":"publish","type":"post","link":"https:\/\/www.4plcr.net\/en\/analisis-del-desempeno-de-puertos-de-contenedores-a-nivel-global-caida-del-2-1-en-julio-y-proyecciones-para-agosto-de-2023\/","title":{"rendered":"An\u00e1lisis del Desempe\u00f1o de Puertos de Contenedores a Nivel Global: Ca\u00edda del 2.1% en Julio y Proyecciones para Agosto de 2023"},"content":{"rendered":"<p>El \u00cdndice Global de Desempe\u00f1o de Puertos de Contenedores, evaluado por Drewry, registr\u00f3 una disminuci\u00f3n del 2.1% interanual en julio de 2023. A pesar de los modestos aumentos observados en las regiones de \u00c1frica y Ocean\u00eda, estos no lograron contrarrestar la ca\u00edda del rendimiento en China, Asia (excluyendo China), Am\u00e9rica del Norte y Europa. Las perspectivas para agosto no son alentadoras, ya que se proyecta una disminuci\u00f3n adicional del 4.1% interanual.<\/p>\n\n\n\n<p>En julio de 2023, el \u00edndice de desempe\u00f1o promedio m\u00f3vil de 12 meses tambi\u00e9n experiment\u00f3 un descenso del -1.2%, manteniendo su tendencia a la baja en agosto.<\/p>\n\n\n\n<p>Despu\u00e9s de un aumento significativo del 5.2% en junio de 2023, el \u00edndice para China se redujo a 113.7 puntos en julio, lo que represent\u00f3 una disminuci\u00f3n del 3.3% intermensual pero a\u00fan un aumento del 1.0% en comparaci\u00f3n con el a\u00f1o anterior. Sin embargo, en agosto, cay\u00f3 un 1.3% intermensual, llegando a 103.1 puntos, principalmente debido a una disminuci\u00f3n del 3.5% en el tiempo de espera antes del atraque.<\/p>\n\n\n\n<p>En julio de 2023, el \u00edndice para Am\u00e9rica del Norte sufri\u00f3 una disminuci\u00f3n del 3.1% intermensual y un marcado descenso del 15.0% interanual. Los puertos de la costa oeste continuaron enfrentando p\u00e9rdidas de volumen, con una disminuci\u00f3n en la movilizaci\u00f3n de contenedores en Los \u00c1ngeles y Long Beach de m\u00e1s del 26% interanual, mientras que el rendimiento en Vancouver se desplom\u00f3 un 35.4% debido a paros de estibadores.<\/p>\n\n\n\n<p>El \u00edndice para Europa tambi\u00e9n cay\u00f3 en julio de 2023, con una disminuci\u00f3n del 2.3% intermensual y alcanzando un total de 99.5 puntos, lo que representa un 3.1% menos en comparaci\u00f3n con el a\u00f1o anterior. Los puertos europeos est\u00e1n luchando contra una demanda d\u00e9bil, como se evidencia en la disminuci\u00f3n del 8.0% y 4.2% interanual en los puertos de Barcelona y Valencia en Espa\u00f1a, respectivamente. Adem\u00e1s, la movilizaci\u00f3n de contenedores en Amberes-Brujas disminuy\u00f3 un 5.4% interanual en julio de 2023.<\/p>\n\n\n\n<p>Este an\u00e1lisis del desempe\u00f1o de los puertos de contenedores a nivel global destaca los desaf\u00edos actuales que enfrenta la industria y las tendencias preocupantes que se esperan para los pr\u00f3ximos meses.<\/p>","protected":false},"excerpt":{"rendered":"<p>El \u00cdndice Global de Desempe\u00f1o de Puertos de Contenedores, evaluado por Drewry, registr\u00f3 una disminuci\u00f3n del 2.1% interanual en julio de 2023. A pesar de los modestos aumentos observados en las regiones de \u00c1frica y Ocean\u00eda, estos no lograron contrarrestar la ca\u00edda del rendimiento en China, Asia (excluyendo China), Am\u00e9rica del Norte y Europa. Las [&hellip;]<\/p>\n","protected":false},"author":1,"featured_media":9516,"comment_status":"open","ping_status":"open","sticky":false,"template":"","format":"standard","meta":{"footnotes":""},"categories":[11],"tags":[158,267,268,269,114,20,41,123],"class_list":["post-9691","post","type-post","status-publish","format-standard","has-post-thumbnail","hentry","category-noticias","tag-4pl","tag-4pl-costa-rica","tag-4pl-el-salvador","tag-4pl-guatemala","tag-costa-rica","tag-el-salvador","tag-guatemala","tag-transporte-de-carga"],"aioseo_notices":[],"_links":{"self":[{"href":"https:\/\/www.4plcr.net\/en\/wp-json\/wp\/v2\/posts\/9691","targetHints":{"allow":["GET"]}}],"collection":[{"href":"https:\/\/www.4plcr.net\/en\/wp-json\/wp\/v2\/posts"}],"about":[{"href":"https:\/\/www.4plcr.net\/en\/wp-json\/wp\/v2\/types\/post"}],"author":[{"embeddable":true,"href":"https:\/\/www.4plcr.net\/en\/wp-json\/wp\/v2\/users\/1"}],"replies":[{"embeddable":true,"href":"https:\/\/www.4plcr.net\/en\/wp-json\/wp\/v2\/comments?post=9691"}],"version-history":[{"count":0,"href":"https:\/\/www.4plcr.net\/en\/wp-json\/wp\/v2\/posts\/9691\/revisions"}],"wp:featuredmedia":[{"embeddable":true,"href":"https:\/\/www.4plcr.net\/en\/wp-json\/wp\/v2\/media\/9516"}],"wp:attachment":[{"href":"https:\/\/www.4plcr.net\/en\/wp-json\/wp\/v2\/media?parent=9691"}],"wp:term":[{"taxonomy":"category","embeddable":true,"href":"https:\/\/www.4plcr.net\/en\/wp-json\/wp\/v2\/categories?post=9691"},{"taxonomy":"post_tag","embeddable":true,"href":"https:\/\/www.4plcr.net\/en\/wp-json\/wp\/v2\/tags?post=9691"}],"curies":[{"name":"wp","href":"https:\/\/api.w.org\/{rel}","templated":true}]}}