{"id":9646,"date":"2023-08-29T10:48:32","date_gmt":"2023-08-29T16:48:32","guid":{"rendered":"https:\/\/www.4plcr.net\/?p=9646"},"modified":"2023-08-29T10:48:32","modified_gmt":"2023-08-29T16:48:32","slug":"explorando-oportunidades-de-inversion-en-america-latina-a-traves-de-la-descarbonizacion-del-transporte-maritimo-un-foro-destaca","status":"publish","type":"post","link":"https:\/\/www.4plcr.net\/en\/explorando-oportunidades-de-inversion-en-america-latina-a-traves-de-la-descarbonizacion-del-transporte-maritimo-un-foro-destaca\/","title":{"rendered":"Explorando Oportunidades de Inversi\u00f3n en Am\u00e9rica Latina a trav\u00e9s de la Descarbonizaci\u00f3n del Transporte Mar\u00edtimo: Un Foro Destaca"},"content":{"rendered":"<h2 class=\"wp-block-heading\">L\u00edderes de la industria mar\u00edtima se re\u00fanen en Santiago para discutir c\u00f3mo la descarbonizaci\u00f3n del transporte mar\u00edtimo puede generar nuevas perspectivas de inversi\u00f3n en Am\u00e9rica Latina.<\/h2>\n\n\n\n<p>Con el prop\u00f3sito de analizar los desaf\u00edos y las posibilidades relacionadas con la descarbonizaci\u00f3n del transporte mar\u00edtimo para las naciones latinoamericanas en el marco de la Estrategia de Reducci\u00f3n de Emisiones de Gases de Efecto Invernadero (GEI) de la Organizaci\u00f3n Mar\u00edtima Internacional (OMI), se ha llevado a cabo el foro titulado \u00abImplementaci\u00f3n de la Estrategia de la OMI para la Reducci\u00f3n de Emisiones de GEI: Identificaci\u00f3n y Promoci\u00f3n de Oportunidades de Inversi\u00f3n\u00bb. Este evento, organizado por la OMI en colaboraci\u00f3n con el Gobierno de Chile, tuvo lugar en la sede de la Comisi\u00f3n Econ\u00f3mica para Am\u00e9rica Latina y el Caribe (Cepal) en Santiago de Chile.<\/p>\n\n\n\n<p>El encuentro fue presidido por Arsenio Dom\u00ednguez, director de la Divisi\u00f3n de Medio Marino de la OMI y pr\u00f3ximo secretario general de dicha organizaci\u00f3n. En la jornada inaugural, se cont\u00f3 con la participaci\u00f3n de destacadas figuras como Mar\u00eda Helo\u00edsa Rojas, Ministra del Medio Ambiente de Chile; Diego Pardow, Ministro de Energ\u00eda de Chile; Andr\u00e9s Rebolledo, Secretario Ejecutivo de la Organizaci\u00f3n Latinoamericana de Energ\u00eda (Olade); y el Almirante Juan Andr\u00e9s De La Maza, Comandante en Jefe de la Armada de Chile, entre otras autoridades y representantes del sector mar\u00edtimo y energ\u00e9tico de la regi\u00f3n.<\/p>\n\n\n\n<p>Durante el evento, que se desarroll\u00f3 los d\u00edas 28 y 29 de agosto, se reconoci\u00f3 la importancia fundamental que tiene el transporte mar\u00edtimo en la econom\u00eda global. Sin embargo, tambi\u00e9n se subray\u00f3 que este sector es responsable de aproximadamente el 3% de las emisiones de carbono a nivel mundial, lo que implica la necesidad de implementar nuevas herramientas y regulaciones para lograr una reducci\u00f3n progresiva y efectiva de su huella de carbono. En consonancia con la Estrategia de la OMI, se abord\u00f3 la manera en que esta industria puede estimular inversiones, aprovechando el amplio potencial de energ\u00edas renovables en Am\u00e9rica Latina, al tiempo que se mitigan los posibles impactos negativos.<\/p>\n\n\n\n<p>Durante la inauguraci\u00f3n, Arsenio Dom\u00ednguez hizo un llamado a los pa\u00edses de la regi\u00f3n para cooperar en este \u00e1mbito. En este sentido, expres\u00f3 que \u00abeste foro demuestra nuestra capacidad para cooperar y debemos incluir este di\u00e1logo en las estrategias nacionales, utilizando agencias de las Naciones Unidas como Alade, Cepal, entre otras, para desarrollar conversaciones centradas en desaf\u00edos y oportunidades mutuas\u00bb.<\/p>\n\n\n\n<p>La Ministra del Medio Ambiente de Chile, Mar\u00eda Helo\u00edsa Rojas, se\u00f1al\u00f3 que \u00ablas exportaciones chilenas dependen en gran medida del transporte mar\u00edtimo, lo que convierte al desaf\u00edo de la descarbonizaci\u00f3n en una prioridad. Nos hemos comprometido a ser neutrales en carbono para 2050 y estamos comprometidos en abordar este desaf\u00edo de manera intersectorial, reconociendo la importancia de proteger nuestros oc\u00e9anos\u00bb.<\/p>\n\n\n\n<p>Andr\u00e9s Rebolledo, Secretario Ejecutivo de Olade, destac\u00f3 el papel de esta organizaci\u00f3n en apoyar el desarrollo de pol\u00edticas energ\u00e9ticas en la regi\u00f3n. En este contexto, enfatiz\u00f3 que \u00ablas pol\u00edticas de descarbonizaci\u00f3n son un tema central en la regi\u00f3n, no solo en la generaci\u00f3n el\u00e9ctrica sino tambi\u00e9n en sectores como el transporte mar\u00edtimo. Ponemos nuestros instrumentos a disposici\u00f3n de los pa\u00edses para avanzar en esta direcci\u00f3n\u00bb.<\/p>\n\n\n\n<p>Durante la primera jornada, los expertos y representantes de la regi\u00f3n abordaron temas cruciales como la \u00abAcci\u00f3n clim\u00e1tica regional y los esfuerzos de la OMI para reducir las emisiones de GEI en el transporte mar\u00edtimo\u00bb, \u00abEl papel del transporte mar\u00edtimo en la acci\u00f3n clim\u00e1tica y la transici\u00f3n\u00bb y las \u00abPerspectivas nacionales sobre las oportunidades que ofrece la descarbonizaci\u00f3n del transporte mar\u00edtimo\u00bb. La segunda jornada, el 29 de agosto, se centr\u00f3 en temas como la \u00abFinanciaci\u00f3n de la descarbonizaci\u00f3n del sector del transporte mar\u00edtimo y la promoci\u00f3n de combustibles renovables en Am\u00e9rica Latina\u00bb, culminando con la presentaci\u00f3n de conclusiones y lineamientos futuros en esta \u00e1rea.<\/p>","protected":false},"excerpt":{"rendered":"<p>L\u00edderes de la industria mar\u00edtima se re\u00fanen en Santiago para discutir c\u00f3mo la descarbonizaci\u00f3n del transporte mar\u00edtimo puede generar nuevas perspectivas de inversi\u00f3n en Am\u00e9rica Latina. Con el prop\u00f3sito de analizar los desaf\u00edos y las posibilidades relacionadas con la descarbonizaci\u00f3n del transporte mar\u00edtimo para las naciones latinoamericanas en el marco de la Estrategia de Reducci\u00f3n [&hellip;]<\/p>\n","protected":false},"author":1,"featured_media":9647,"comment_status":"open","ping_status":"open","sticky":false,"template":"","format":"standard","meta":{"footnotes":""},"categories":[11],"tags":[158,267,268,269,114,564,565,41,566,123],"class_list":["post-9646","post","type-post","status-publish","format-standard","has-post-thumbnail","hentry","category-noticias","tag-4pl","tag-4pl-costa-rica","tag-4pl-el-salvador","tag-4pl-guatemala","tag-costa-rica","tag-descarbonizacion-transporte-maritimo-america-latina","tag-foro-estrategia-omi-inversion","tag-guatemala","tag-oportunidades-inversion-energia-renovable-maritima","tag-transporte-de-carga"],"aioseo_notices":[],"_links":{"self":[{"href":"https:\/\/www.4plcr.net\/en\/wp-json\/wp\/v2\/posts\/9646","targetHints":{"allow":["GET"]}}],"collection":[{"href":"https:\/\/www.4plcr.net\/en\/wp-json\/wp\/v2\/posts"}],"about":[{"href":"https:\/\/www.4plcr.net\/en\/wp-json\/wp\/v2\/types\/post"}],"author":[{"embeddable":true,"href":"https:\/\/www.4plcr.net\/en\/wp-json\/wp\/v2\/users\/1"}],"replies":[{"embeddable":true,"href":"https:\/\/www.4plcr.net\/en\/wp-json\/wp\/v2\/comments?post=9646"}],"version-history":[{"count":0,"href":"https:\/\/www.4plcr.net\/en\/wp-json\/wp\/v2\/posts\/9646\/revisions"}],"wp:featuredmedia":[{"embeddable":true,"href":"https:\/\/www.4plcr.net\/en\/wp-json\/wp\/v2\/media\/9647"}],"wp:attachment":[{"href":"https:\/\/www.4plcr.net\/en\/wp-json\/wp\/v2\/media?parent=9646"}],"wp:term":[{"taxonomy":"category","embeddable":true,"href":"https:\/\/www.4plcr.net\/en\/wp-json\/wp\/v2\/categories?post=9646"},{"taxonomy":"post_tag","embeddable":true,"href":"https:\/\/www.4plcr.net\/en\/wp-json\/wp\/v2\/tags?post=9646"}],"curies":[{"name":"wp","href":"https:\/\/api.w.org\/{rel}","templated":true}]}}