{"id":9599,"date":"2023-08-11T14:01:38","date_gmt":"2023-08-11T20:01:38","guid":{"rendered":"https:\/\/www.4plcr.net\/?p=9599"},"modified":"2023-08-11T14:01:38","modified_gmt":"2023-08-11T20:01:38","slug":"proxima-llegada-del-ferry-que-enlaza-el-salvador-y-costa-rica-planes-para-mitigar-preocupaciones-de-congestion-en-el-puerto-de-caldera","status":"publish","type":"post","link":"https:\/\/www.4plcr.net\/en\/proxima-llegada-del-ferry-que-enlaza-el-salvador-y-costa-rica-planes-para-mitigar-preocupaciones-de-congestion-en-el-puerto-de-caldera\/","title":{"rendered":"Pr\u00f3xima Llegada del Ferry que Enlaza El Salvador y Costa Rica: Planes para Mitigar Preocupaciones de Congesti\u00f3n en el Puerto de Caldera"},"content":{"rendered":"<h2 class=\"wp-block-heading\">Preocupaciones surgen entre los transportistas mientras se espera la llegada del ferry, temiendo congestiones en el Puerto de Caldera debido al aumento de actividad.<\/h2>\n\n\n\n<p>En las pr\u00f3ximas horas, est\u00e1 programada la llegada del ferry que conectar\u00e1 las costas de El Salvador y Costa Rica, un paso que ha generado inquietud entre los transportistas debido a las posibles congestiones que podr\u00edan presentarse en el concurrido Puerto de Caldera.<\/p>\n\n\n\n<p>Sin embargo, las autoridades del Poder Ejecutivo han disipado estas preocupaciones, asegurando que han tomado medidas para evitar cualquier problema de congestionamiento en el Puerto de Caldera a medida que entre en operaci\u00f3n este nuevo servicio de ferry entre pa\u00edses.<\/p>\n\n\n\n<p>Durante la conferencia de prensa realizada este mi\u00e9rcoles, tanto el presidente Rodrigo Chaves como el ministro de Obras P\u00fablicas y Transportes, Luis Amador, han enfatizado categ\u00f3ricamente que no se anticipan contratiempos de esta naturaleza, contrarrestando as\u00ed las advertencias emitidas por algunas c\u00e1maras empresariales.<\/p>\n\n\n\n<p>El ministro Amador explic\u00f3 detalladamente que se ha designado una ubicaci\u00f3n estrat\u00e9gica para los furgones, de manera que no interrumpan la fluidez de las operaciones portuarias. Se\u00f1al\u00f3 que se han reacondicionado los antiguos patios donde operaba el Instituto Costarricense de Ferrocarriles (Incofer) y que se ha llevado a cabo esta iniciativa en colaboraci\u00f3n con el Banco Centroamericano de Integraci\u00f3n Econ\u00f3mica (BCIE).<\/p>\n\n\n\n<p>Adem\u00e1s, el ministro Amador inform\u00f3 que la terminal granelera est\u00e1 funcionando a un 60% de su capacidad y es precisamente en esta \u00e1rea donde se prev\u00e9 que el ferry realice su arribo.<\/p>\n\n\n\n<p>El presidente Chaves subray\u00f3 con firmeza ante las preguntas de la prensa: \u00abNo habr\u00e1 congesti\u00f3n.\u00bb<\/p>\n\n\n\n<p>Tanto la C\u00e1mara de Exportadores de Costa Rica (Cadexco) como la C\u00e1mara Nacional de Transportistas de Carga (Canatrac) han expresado su preocupaci\u00f3n por el inicio de las operaciones de este ferry en el Puerto de Caldera, un enclave portuario que ya ha experimentado una intensa actividad en el pasado.<\/p>\n\n\n\n<p>El ferry tiene previsto su arribo a Costa Rica este viernes, y su prop\u00f3sito es transportar hasta 100 furgones en cada viaje. En una primera etapa, se tiene planeado que opere dos veces por semana, y se estima que el trayecto entre ambos puertos tendr\u00e1 una duraci\u00f3n de menos de 24 horas. Con estas medidas y ajustes planificados, las autoridades est\u00e1n trabajando activamente para garantizar un funcionamiento fluido y eficiente del nuevo servicio de ferry.<\/p>","protected":false},"excerpt":{"rendered":"<p>Preocupaciones surgen entre los transportistas mientras se espera la llegada del ferry, temiendo congestiones en el Puerto de Caldera debido al aumento de actividad. En las pr\u00f3ximas horas, est\u00e1 programada la llegada del ferry que conectar\u00e1 las costas de El Salvador y Costa Rica, un paso que ha generado inquietud entre los transportistas debido a [&hellip;]<\/p>\n","protected":false},"author":1,"featured_media":9600,"comment_status":"open","ping_status":"open","sticky":false,"template":"","format":"standard","meta":{"footnotes":""},"categories":[11],"tags":[158,267,268,269,114,20,108,100,41],"class_list":["post-9599","post","type-post","status-publish","format-standard","has-post-thumbnail","hentry","category-noticias","tag-4pl","tag-4pl-costa-rica","tag-4pl-el-salvador","tag-4pl-guatemala","tag-costa-rica","tag-el-salvador","tag-ferri-entre-el-salvador-y-costa-rica","tag-ferry","tag-guatemala"],"aioseo_notices":[],"_links":{"self":[{"href":"https:\/\/www.4plcr.net\/en\/wp-json\/wp\/v2\/posts\/9599","targetHints":{"allow":["GET"]}}],"collection":[{"href":"https:\/\/www.4plcr.net\/en\/wp-json\/wp\/v2\/posts"}],"about":[{"href":"https:\/\/www.4plcr.net\/en\/wp-json\/wp\/v2\/types\/post"}],"author":[{"embeddable":true,"href":"https:\/\/www.4plcr.net\/en\/wp-json\/wp\/v2\/users\/1"}],"replies":[{"embeddable":true,"href":"https:\/\/www.4plcr.net\/en\/wp-json\/wp\/v2\/comments?post=9599"}],"version-history":[{"count":0,"href":"https:\/\/www.4plcr.net\/en\/wp-json\/wp\/v2\/posts\/9599\/revisions"}],"wp:featuredmedia":[{"embeddable":true,"href":"https:\/\/www.4plcr.net\/en\/wp-json\/wp\/v2\/media\/9600"}],"wp:attachment":[{"href":"https:\/\/www.4plcr.net\/en\/wp-json\/wp\/v2\/media?parent=9599"}],"wp:term":[{"taxonomy":"category","embeddable":true,"href":"https:\/\/www.4plcr.net\/en\/wp-json\/wp\/v2\/categories?post=9599"},{"taxonomy":"post_tag","embeddable":true,"href":"https:\/\/www.4plcr.net\/en\/wp-json\/wp\/v2\/tags?post=9599"}],"curies":[{"name":"wp","href":"https:\/\/api.w.org\/{rel}","templated":true}]}}