{"id":9596,"date":"2023-08-10T18:38:43","date_gmt":"2023-08-11T00:38:43","guid":{"rendered":"https:\/\/www.4plcr.net\/?p=9596"},"modified":"2023-08-10T18:38:43","modified_gmt":"2023-08-11T00:38:43","slug":"retrasos-en-el-canal-de-panama-transitos-de-buques-con-retardos-de-15-a-19-dias","status":"publish","type":"post","link":"https:\/\/www.4plcr.net\/en\/retrasos-en-el-canal-de-panama-transitos-de-buques-con-retardos-de-15-a-19-dias\/","title":{"rendered":"Retrasos en el Canal de Panam\u00e1: Tr\u00e1nsitos de Buques con Retardos de 15 a 19 D\u00edas"},"content":{"rendered":"<p>En la primera semana de agosto, los tr\u00e1nsitos por el Canal de Panam\u00e1 experimentaron retrasos notables, con demoras promedio entre 15 y 19 d\u00edas por buque. Esta situaci\u00f3n se origin\u00f3 debido a los bajos niveles de agua en el lago Gat\u00fan, llevando a la Autoridad del Canal de Panam\u00e1 (ACP) a implementar restricciones, limitando a 32 buques diarios y reduciendo el calado m\u00e1ximo en sus esclusas Neopanamax a 13,41 metros. Estas medidas han resultado en colas extensas a lo largo de la v\u00eda interoce\u00e1nica en ambas direcciones.<\/p>\n\n\n\n<p>A pesar de las recientes precipitaciones en Panam\u00e1, las autoridades no planean ajustar las restricciones en el corto plazo debido a la influencia del fen\u00f3meno meteorol\u00f3gico El Ni\u00f1o, que genera un clima m\u00e1s seco en el pa\u00eds centroamericano.<\/p>\n\n\n\n<p>El 1 de agosto, el buque \u00abEver Max\u00bb, con capacidad para 17.312 TEUs, enfrent\u00f3 dificultades debido a las condiciones actuales de navegaci\u00f3n, descargando 1.400 TEUs en el puerto de Balboa para cumplir con el calado m\u00e1ximo permitido de 13.345 TEUs. Los contenedores se transportaron por ferrocarril a Col\u00f3n para embarcar hacia el puerto de Savannah. Este tr\u00e1nsito implic\u00f3 un costo de US$1,5 millones en peajes y una p\u00e9rdida de m\u00e1s de US$40.000 en peajes para el Canal de Panam\u00e1.<\/p>\n\n\n\n<p>La crisis impacta diversos segmentos, incluyendo el transporte de carb\u00f3n. Los buques que transportan carb\u00f3n desde Colombia a Chile optan por la ruta del Cabo de Hornos debido a los retrasos en el Canal de Panam\u00e1, a pesar de ser una ruta m\u00e1s larga pero m\u00e1s fiable.<\/p>\n\n\n\n<p>La ACP reconoce que podr\u00eda experimentar una p\u00e9rdida de hasta US$200 millones en ganancias para el pr\u00f3ximo a\u00f1o si las condiciones persisten.<\/p>\n\n\n\n<h2 class=\"wp-block-heading\">Implicaciones en las Tarifas:<\/h2>\n\n\n\n<p><br>Peter Sand, analista principal de Xeneta, se\u00f1al\u00f3 que el Canal de Panam\u00e1 tiene un impacto crucial en las tarifas de flete y las importaciones estadounidenses desde el Lejano Oriente. La disminuci\u00f3n de la capacidad de tr\u00e1nsito ha eliminado la holgura en el mercado de transporte de contenedores.<\/p>\n\n\n\n<p>A pesar del reciente aumento exitoso en las tarifas (GRI) en la ruta Transpac\u00edfico, la congesti\u00f3n en el Canal de Panam\u00e1 est\u00e1 generando preocupaciones en el mercado. Las tarifas en la ruta Asia-USEC y la ruta Shangh\u00e1i-Nueva York han experimentado incrementos significativos.<\/p>\n\n\n\n<p>En resumen, los retrasos en el Canal de Panam\u00e1 est\u00e1n teniendo un impacto considerable en la navegaci\u00f3n y el comercio, generando cambios en las rutas y aumentos en las tarifas de transporte. La congesti\u00f3n actual est\u00e1 alterando el panorama del mercado de contenedores y las expectativas futuras.<\/p>","protected":false},"excerpt":{"rendered":"<p>En la primera semana de agosto, los tr\u00e1nsitos por el Canal de Panam\u00e1 experimentaron retrasos notables, con demoras promedio entre 15 y 19 d\u00edas por buque. Esta situaci\u00f3n se origin\u00f3 debido a los bajos niveles de agua en el lago Gat\u00fan, llevando a la Autoridad del Canal de Panam\u00e1 (ACP) a implementar restricciones, limitando a [&hellip;]<\/p>\n","protected":false},"author":1,"featured_media":9597,"comment_status":"open","ping_status":"open","sticky":false,"template":"","format":"standard","meta":{"footnotes":""},"categories":[11],"tags":[158,267,269,114,41,123],"class_list":["post-9596","post","type-post","status-publish","format-standard","has-post-thumbnail","hentry","category-noticias","tag-4pl","tag-4pl-costa-rica","tag-4pl-guatemala","tag-costa-rica","tag-guatemala","tag-transporte-de-carga"],"aioseo_notices":[],"_links":{"self":[{"href":"https:\/\/www.4plcr.net\/en\/wp-json\/wp\/v2\/posts\/9596","targetHints":{"allow":["GET"]}}],"collection":[{"href":"https:\/\/www.4plcr.net\/en\/wp-json\/wp\/v2\/posts"}],"about":[{"href":"https:\/\/www.4plcr.net\/en\/wp-json\/wp\/v2\/types\/post"}],"author":[{"embeddable":true,"href":"https:\/\/www.4plcr.net\/en\/wp-json\/wp\/v2\/users\/1"}],"replies":[{"embeddable":true,"href":"https:\/\/www.4plcr.net\/en\/wp-json\/wp\/v2\/comments?post=9596"}],"version-history":[{"count":0,"href":"https:\/\/www.4plcr.net\/en\/wp-json\/wp\/v2\/posts\/9596\/revisions"}],"wp:featuredmedia":[{"embeddable":true,"href":"https:\/\/www.4plcr.net\/en\/wp-json\/wp\/v2\/media\/9597"}],"wp:attachment":[{"href":"https:\/\/www.4plcr.net\/en\/wp-json\/wp\/v2\/media?parent=9596"}],"wp:term":[{"taxonomy":"category","embeddable":true,"href":"https:\/\/www.4plcr.net\/en\/wp-json\/wp\/v2\/categories?post=9596"},{"taxonomy":"post_tag","embeddable":true,"href":"https:\/\/www.4plcr.net\/en\/wp-json\/wp\/v2\/tags?post=9596"}],"curies":[{"name":"wp","href":"https:\/\/api.w.org\/{rel}","templated":true}]}}