{"id":9592,"date":"2023-08-09T16:46:17","date_gmt":"2023-08-09T22:46:17","guid":{"rendered":"https:\/\/www.4plcr.net\/?p=9592"},"modified":"2023-08-09T16:46:17","modified_gmt":"2023-08-09T22:46:17","slug":"inicia-en-agosto-el-ferry-de-carga-entre-costa-rica-y-el-salvador-con-frecuencia-de-dos-viajes-semanales","status":"publish","type":"post","link":"https:\/\/www.4plcr.net\/en\/inicia-en-agosto-el-ferry-de-carga-entre-costa-rica-y-el-salvador-con-frecuencia-de-dos-viajes-semanales\/","title":{"rendered":"Inicia en agosto el ferry de carga entre Costa Rica y El Salvador con frecuencia de dos viajes semanales."},"content":{"rendered":"<p>A partir de agosto, se dar\u00e1 inicio a un innovador servicio de ferry de carga entre Costa Rica y El Salvador, marcando un hito en la conectividad regional. Este servicio, operado por una alianza entre la corporaci\u00f3n paname\u00f1a Blue Wave y la representaci\u00f3n costarricense de Transmares, est\u00e1 dise\u00f1ado para agilizar y abaratar el transporte de mercanc\u00edas.<\/p>\n\n\n\n<p>El ministro de Obras P\u00fablicas y Transportes de Costa Rica, Luis Amador, confirm\u00f3 este importante paso, resaltando que se trata de una iniciativa que promete impulsar la competitividad de ambos pa\u00edses en el \u00e1mbito regional. Con una capacidad para transportar hasta 100 furgones, el ferry realizar\u00e1 sus viajes los martes y viernes desde Costa Rica, y los lunes y jueves desde El Salvador.<\/p>\n\n\n\n<p>La ruta inaugural partir\u00e1 desde el puerto de La Uni\u00f3n en El Salvador, llegando al puerto Caldera en Costa Rica al d\u00eda siguiente. Este trayecto promete fortalecer las relaciones comerciales y abrir nuevas oportunidades de exportaci\u00f3n e importaci\u00f3n.<\/p>\n\n\n\n<p>En palabras de Alejandro Vargas, gerente del servicio en Transmares, el primer viaje desde Costa Rica est\u00e1 programado para el 11 de agosto a las 8 am, mientras que la Asociaci\u00f3n Salvadore\u00f1a de Transportistas Internacionales de Carga (ASTIC) confirm\u00f3 que el primer viaje desde El Salvador ser\u00e1 el 8 de agosto.<\/p>\n\n\n\n<p>Esta nueva alternativa de transporte recibe el respaldo del sector de transporte, representado por Francisco Quir\u00f3s, vicepresidente de la C\u00e1mara Nacional de Transportistas de Carga de Costa Rica (CANATRAC). Quir\u00f3s destac\u00f3 que, si bien se ve como una oportunidad prometedora para ampliar las opciones log\u00edsticas, ser\u00e1 con el tiempo que se eval\u00fae su impacto real en los costos y tr\u00e1mites.<\/p>\n\n\n\n<p>El Ministerio de Obras P\u00fablicas y Transportes (MOPT) anunci\u00f3 los horarios de servicio, estableciendo que los viajes desde El Salvador se llevar\u00e1n a cabo los lunes a las 11 am y los jueves a la 1 pm, mientras que desde Costa Rica ser\u00e1n los martes a las 6 pm y los viernes a las 8 am.<\/p>\n\n\n\n<p>En cuanto a los costos, se detall\u00f3 que las tarifas hacia un solo destino oscilan entre los US$1,145 y los US$1,360 por unidad completa, incluyendo cabezal, remolque y conductor. El ferry, construido en Alemania, cuenta con una capacidad de carga rodada y pasajeros, ofreciendo una traves\u00eda de aproximadamente 360 millas n\u00e1uticas.<\/p>\n\n\n\n<p>Transmares asegura que este servicio reducir\u00e1 significativamente los tiempos de transporte, pasando de 96 a 18 horas en el mismo recorrido terrestre. Adem\u00e1s, se plantea una segunda etapa que buscar\u00e1 ampliar la frecuencia a tres viajes por semana y orientar parte del servicio hacia el turismo.<\/p>\n\n\n\n<p>Este proyecto no solo se perfila como un avance en t\u00e9rminos de transporte y log\u00edstica, sino tambi\u00e9n como una medida ambientalmente consciente. Federico Anliker, presidente de la Comisi\u00f3n Ejecutiva Portuaria Aut\u00f3noma de El Salvador (CEPA), subray\u00f3 c\u00f3mo esta iniciativa de ferry contribuir\u00e1 a reducir la huella de carbono y el congestionamiento en las aduanas, adem\u00e1s de mejorar el flujo del tr\u00e1fico, especialmente en momentos de problemas geopol\u00edticos en la regi\u00f3n.<\/p>\n\n\n\n<p>En resumen, este ferry de carga entre Costa Rica y El Salvador, cuyo lanzamiento est\u00e1 programado para agosto, representa una nueva era en la conectividad y el comercio regional, proporcionando una alternativa \u00e1gil y eficiente que beneficia tanto a la econom\u00eda como al medio ambiente en Centroam\u00e9rica.<\/p>","protected":false},"excerpt":{"rendered":"<p>A partir de agosto, se dar\u00e1 inicio a un innovador servicio de ferry de carga entre Costa Rica y El Salvador, marcando un hito en la conectividad regional. Este servicio, operado por una alianza entre la corporaci\u00f3n paname\u00f1a Blue Wave y la representaci\u00f3n costarricense de Transmares, est\u00e1 dise\u00f1ado para agilizar y abaratar el transporte de [&hellip;]<\/p>\n","protected":false},"author":1,"featured_media":9593,"comment_status":"open","ping_status":"open","sticky":false,"template":"","format":"standard","meta":{"footnotes":""},"categories":[11],"tags":[158,267,268,269,550,551,114,552,20,553,41,123,554],"class_list":["post-9592","post","type-post","status-publish","format-standard","has-post-thumbnail","hentry","category-noticias","tag-4pl","tag-4pl-costa-rica","tag-4pl-el-salvador","tag-4pl-guatemala","tag-alternativa-de-exportacion","tag-conectividad-logistica","tag-costa-rica","tag-costa-rica-y-el-salvador","tag-el-salvador","tag-ferry-de-carga","tag-guatemala","tag-transporte-de-carga","tag-transporte-regional"],"aioseo_notices":[],"_links":{"self":[{"href":"https:\/\/www.4plcr.net\/en\/wp-json\/wp\/v2\/posts\/9592","targetHints":{"allow":["GET"]}}],"collection":[{"href":"https:\/\/www.4plcr.net\/en\/wp-json\/wp\/v2\/posts"}],"about":[{"href":"https:\/\/www.4plcr.net\/en\/wp-json\/wp\/v2\/types\/post"}],"author":[{"embeddable":true,"href":"https:\/\/www.4plcr.net\/en\/wp-json\/wp\/v2\/users\/1"}],"replies":[{"embeddable":true,"href":"https:\/\/www.4plcr.net\/en\/wp-json\/wp\/v2\/comments?post=9592"}],"version-history":[{"count":0,"href":"https:\/\/www.4plcr.net\/en\/wp-json\/wp\/v2\/posts\/9592\/revisions"}],"wp:featuredmedia":[{"embeddable":true,"href":"https:\/\/www.4plcr.net\/en\/wp-json\/wp\/v2\/media\/9593"}],"wp:attachment":[{"href":"https:\/\/www.4plcr.net\/en\/wp-json\/wp\/v2\/media?parent=9592"}],"wp:term":[{"taxonomy":"category","embeddable":true,"href":"https:\/\/www.4plcr.net\/en\/wp-json\/wp\/v2\/categories?post=9592"},{"taxonomy":"post_tag","embeddable":true,"href":"https:\/\/www.4plcr.net\/en\/wp-json\/wp\/v2\/tags?post=9592"}],"curies":[{"name":"wp","href":"https:\/\/api.w.org\/{rel}","templated":true}]}}