{"id":9568,"date":"2023-07-25T19:37:29","date_gmt":"2023-07-26T01:37:29","guid":{"rendered":"https:\/\/www.4plcr.net\/?p=9568"},"modified":"2023-07-25T19:37:29","modified_gmt":"2023-07-26T01:37:29","slug":"canal-de-panama-asegura-un-calado-competitivo-para-los-proximos-meses","status":"publish","type":"post","link":"https:\/\/www.4plcr.net\/en\/canal-de-panama-asegura-un-calado-competitivo-para-los-proximos-meses\/","title":{"rendered":"Canal de Panam\u00e1 asegura un calado competitivo para los pr\u00f3ximos meses"},"content":{"rendered":"<h2 class=\"wp-block-heading\">Se permitir\u00e1 el tr\u00e1nsito de 32 naves diariamente en promedio.<\/h2>\n\n\n\n<p>Ante los prolongados efectos de la estaci\u00f3n seca y con el firme compromiso de ofrecer un servicio confiable y sostenible, el Canal de Panam\u00e1 anunci\u00f3 que, a partir de este momento, mantendr\u00e1 un calado de 44 pies o 13,41 metros.<\/p>\n\n\n\n<p>En virtud de esta disposici\u00f3n temporal, el Canal de Panam\u00e1 permitir\u00e1 el tr\u00e1nsito de un promedio de 32 naves por d\u00eda. La medida busca garantizar el funcionamiento eficiente y seguro de la v\u00eda interoce\u00e1nica en medio de una estaci\u00f3n seca extendida, que ha estado afectada por altos niveles de evaporaci\u00f3n, asociados con una alta probabilidad de un fen\u00f3meno de El Ni\u00f1o antes de que finalice el a\u00f1o.<\/p>\n\n\n\n<p>Desde la Autoridad del Canal de Panam\u00e1, explicaron que este fen\u00f3meno es parte de una tendencia global y que han estado trabajando en la implementaci\u00f3n de procedimientos para optimizar el uso del agua en sus operaciones. Adem\u00e1s, se est\u00e1n realizando estudios para identificar soluciones a largo plazo frente a la variabilidad clim\u00e1tica. Sin embargo, la gravedad y recurrencia actuales de la sequ\u00eda son sin precedentes hist\u00f3ricos.<\/p>\n\n\n\n<p>El Canal de Panam\u00e1 reafirm\u00f3 su compromiso de garantizar operaciones seguras y confiables a corto plazo, y al mismo tiempo, enfatiz\u00f3 su compromiso de brindar servicios \u00f3ptimos en los a\u00f1os venideros, adapt\u00e1ndose a los desaf\u00edos clim\u00e1ticos para mantener su posici\u00f3n como una v\u00eda de tr\u00e1nsito esencial a nivel mundial.<\/p>","protected":false},"excerpt":{"rendered":"<p>Se permitir\u00e1 el tr\u00e1nsito de 32 naves diariamente en promedio. Ante los prolongados efectos de la estaci\u00f3n seca y con el firme compromiso de ofrecer un servicio confiable y sostenible, el Canal de Panam\u00e1 anunci\u00f3 que, a partir de este momento, mantendr\u00e1 un calado de 44 pies o 13,41 metros. En virtud de esta disposici\u00f3n [&hellip;]<\/p>\n","protected":false},"author":1,"featured_media":9569,"comment_status":"open","ping_status":"open","sticky":false,"template":"","format":"standard","meta":{"footnotes":""},"categories":[11],"tags":[158,267,268,269,114,20,41,123],"class_list":["post-9568","post","type-post","status-publish","format-standard","has-post-thumbnail","hentry","category-noticias","tag-4pl","tag-4pl-costa-rica","tag-4pl-el-salvador","tag-4pl-guatemala","tag-costa-rica","tag-el-salvador","tag-guatemala","tag-transporte-de-carga"],"aioseo_notices":[],"_links":{"self":[{"href":"https:\/\/www.4plcr.net\/en\/wp-json\/wp\/v2\/posts\/9568","targetHints":{"allow":["GET"]}}],"collection":[{"href":"https:\/\/www.4plcr.net\/en\/wp-json\/wp\/v2\/posts"}],"about":[{"href":"https:\/\/www.4plcr.net\/en\/wp-json\/wp\/v2\/types\/post"}],"author":[{"embeddable":true,"href":"https:\/\/www.4plcr.net\/en\/wp-json\/wp\/v2\/users\/1"}],"replies":[{"embeddable":true,"href":"https:\/\/www.4plcr.net\/en\/wp-json\/wp\/v2\/comments?post=9568"}],"version-history":[{"count":0,"href":"https:\/\/www.4plcr.net\/en\/wp-json\/wp\/v2\/posts\/9568\/revisions"}],"wp:featuredmedia":[{"embeddable":true,"href":"https:\/\/www.4plcr.net\/en\/wp-json\/wp\/v2\/media\/9569"}],"wp:attachment":[{"href":"https:\/\/www.4plcr.net\/en\/wp-json\/wp\/v2\/media?parent=9568"}],"wp:term":[{"taxonomy":"category","embeddable":true,"href":"https:\/\/www.4plcr.net\/en\/wp-json\/wp\/v2\/categories?post=9568"},{"taxonomy":"post_tag","embeddable":true,"href":"https:\/\/www.4plcr.net\/en\/wp-json\/wp\/v2\/tags?post=9568"}],"curies":[{"name":"wp","href":"https:\/\/api.w.org\/{rel}","templated":true}]}}