{"id":9465,"date":"2023-06-13T13:56:08","date_gmt":"2023-06-13T19:56:08","guid":{"rendered":"https:\/\/www.4plcr.net\/?p=9465"},"modified":"2023-06-13T13:56:08","modified_gmt":"2023-06-13T19:56:08","slug":"toc-europa-2023-primera-jornada-marcada-por-los-desafios-en-descarbonizacion-y-digitalizacion-del-sector-maritimo-portuario","status":"publish","type":"post","link":"https:\/\/www.4plcr.net\/en\/toc-europa-2023-primera-jornada-marcada-por-los-desafios-en-descarbonizacion-y-digitalizacion-del-sector-maritimo-portuario\/","title":{"rendered":"TOC Europa 2023: Primera jornada marcada por los desaf\u00edos en descarbonizaci\u00f3n y digitalizaci\u00f3n del sector mar\u00edtimo-portuario"},"content":{"rendered":"<p>El primer d\u00eda de TOC Europa 2023 durante la jornada del 13 de junio,&nbsp; se ha destacado por un alto nivel de intercambio de conocimientos en cada una de las cuatro salas de conferencias, y un n\u00famero r\u00e9cord de visitantes a la exhibici\u00f3n. El evento realizado tradicionalmente en la ciudad portuaria de R\u00f3terdam, Pa\u00edses Bajos, est\u00e1 atrayendo el inter\u00e9s de empresas y profesionales de todas las \u00e1reas del sector mar\u00edtimo, portuario, comercio internacional y log\u00edstica.&nbsp;<\/p>\n\n\n\n<h2 class=\"wp-block-heading\"><strong>Charlas inaugurales centradas en la descarbonizaci\u00f3n&nbsp;<\/strong><\/h2>\n\n\n\n<p>Entre los aspectos m\u00e1s destacados de la primera jornada de este evento de tres d\u00edas de duraci\u00f3n, Que Tran, CIO para Europa de DP World, aprovech\u00f3 la sesi\u00f3n plenaria de apertura para hablar sobre c\u00f3mo puede colaborar el sector para lograr una cadena de suministro con cero emisiones.&nbsp;<\/p>\n\n\n\n<p>En concreto, se refiri\u00f3 a las iniciativas que no s\u00f3lo logran un estado m\u00e1s sostenible, sino tambi\u00e9n optimizado en beneficio de todos. Aunque impulsado por la automatizaci\u00f3n y la tecnolog\u00eda -incluida la digitalizaci\u00f3n de procesos hasta ahora manuales o mec\u00e1nicos-, Tran cree que la verdadera sostenibilidad s\u00f3lo puede lograrse centr\u00e1ndose en soluciones que sean al mismo tiempo inteligentes y seguras.<\/p>\n\n\n\n<p>Tran se incorpor\u00f3 al panel poco despu\u00e9s de Hanna Stelzel, Head of Port &amp; Supply Chain Performance del Puerto de Rotterdam, que inici\u00f3 el debate sobre sostenibilidad describiendo c\u00f3mo se ha establecido un \u00abcorredor verde y digital\u00bb entre Rotterdam y Singapur como parte de los esfuerzos de su organizaci\u00f3n para eliminar el carbono no s\u00f3lo de sus operaciones locales.&nbsp;<\/p>\n\n\n\n<p>\u00abEstamos al principio de un largo viaje, y el futuro requiere un gran esfuerzo por parte de todos\u00bb, afirm\u00f3 Hanna, antes de explicar que para conseguir la neutralidad en emisiones de carbono tenemos que mantenernos abiertos a la colaboraci\u00f3n, mostrar valent\u00eda a la hora de tomar decisiones audaces y ser curiosos sobre c\u00f3mo se puede adoptar la tecnolog\u00eda para mejorar tambi\u00e9n el rendimiento empresarial.<\/p>\n\n\n\n<h2 class=\"wp-block-heading\"><strong>Digitalizaci\u00f3n y nuevas tecnolog\u00edas&nbsp;<\/strong><\/h2>\n\n\n\n<p>Cada una de las cuatro salas de conferencias se centraron en \u00e1reas espec\u00edficas -tecnolog\u00eda, mejora empresarial, sostenibilidad y digitalizaci\u00f3n- y los visitantes pudieron disfrutar de presentaciones sobre perspectivas de mercado, soluciones digitales innovadoras, automatizaci\u00f3n y transici\u00f3n energ\u00e9tica en la cadena de suministro.&nbsp;<\/p>\n\n\n\n<p>Se destaca la presentaci\u00f3n de Alex Duca, Director, Head of Automation Engineering de Maersk, quien se refiri\u00f3&nbsp; a c\u00f3mo la industria puede acelerar hacia una mayor eficiencia adapt\u00e1ndose mejor a las condiciones actuales del mercado. Le acompa\u00f1\u00f3 en el escenario Lamia Kerdjoudj, quien, como secretaria general de Feport, habl\u00f3 de c\u00f3mo sus resistentes miembros han hecho -y siguen haciendo- grandes progresos para mantenerse optimizados y competitivos en un mundo en el que las crisis permanentes parecen ahora la norma.<\/p>\n\n\n\n<p>Con dos d\u00edas m\u00e1s de TOC Europa por delante, los visitantes pueden esperar m\u00e1s profundas inmersiones en las cuestiones clave que afectan a la industria de puertos y terminales en todo el mundo a trav\u00e9s de informaci\u00f3n compartida por expertos de la industria.<\/p>\n\n\n\n<p><\/p>\n\n\n\n<p>Fuente: <a href=\"https:\/\/mundomaritimo.cl\/noticias\/toc-europa-2023-primera-jornada-marcada-por-los-desafios-en-descarbonizacion-y-digitalizacion-del-sector-maritimo-portuario\" target=\"_blank\" rel=\"noreferrer noopener\">https:\/\/mundomaritimo.cl\/noticias\/toc-europa-2023-primera-jornada-marcada-por-los-desafios-en-descarbonizacion-y-digitalizacion-del-sector-maritimo-portuario<\/a><\/p>\n\n\n\n<p><\/p>","protected":false},"excerpt":{"rendered":"<p>El primer d\u00eda de TOC Europa 2023 durante la jornada del 13 de junio,&nbsp; se ha destacado por un alto nivel de intercambio de conocimientos en cada una de las cuatro salas de conferencias, y un n\u00famero r\u00e9cord de visitantes a la exhibici\u00f3n. El evento realizado tradicionalmente en la ciudad portuaria de R\u00f3terdam, Pa\u00edses Bajos, [&hellip;]<\/p>\n","protected":false},"author":1,"featured_media":9467,"comment_status":"open","ping_status":"open","sticky":false,"template":"","format":"standard","meta":{"footnotes":""},"categories":[11],"tags":[158,267,269,448,449,114,450,451,20,41,452,453,454,455],"class_list":["post-9465","post","type-post","status-publish","format-standard","has-post-thumbnail","hentry","category-noticias","tag-4pl","tag-4pl-costa-rica","tag-4pl-guatemala","tag-comercio-internacional-y-logistica","tag-conocimientos-en-conferencias","tag-costa-rica","tag-digitalizacion-y-nuevas-tecnologias","tag-eficiencia-y-competitividad-en-la-industria-de-puertos-y-terminales","tag-el-salvador","tag-guatemala","tag-portuario","tag-sector-maritimo","tag-sostenibilidad-y-descarbonizacion","tag-toc-europa-2023"],"aioseo_notices":[],"_links":{"self":[{"href":"https:\/\/www.4plcr.net\/en\/wp-json\/wp\/v2\/posts\/9465","targetHints":{"allow":["GET"]}}],"collection":[{"href":"https:\/\/www.4plcr.net\/en\/wp-json\/wp\/v2\/posts"}],"about":[{"href":"https:\/\/www.4plcr.net\/en\/wp-json\/wp\/v2\/types\/post"}],"author":[{"embeddable":true,"href":"https:\/\/www.4plcr.net\/en\/wp-json\/wp\/v2\/users\/1"}],"replies":[{"embeddable":true,"href":"https:\/\/www.4plcr.net\/en\/wp-json\/wp\/v2\/comments?post=9465"}],"version-history":[{"count":0,"href":"https:\/\/www.4plcr.net\/en\/wp-json\/wp\/v2\/posts\/9465\/revisions"}],"wp:featuredmedia":[{"embeddable":true,"href":"https:\/\/www.4plcr.net\/en\/wp-json\/wp\/v2\/media\/9467"}],"wp:attachment":[{"href":"https:\/\/www.4plcr.net\/en\/wp-json\/wp\/v2\/media?parent=9465"}],"wp:term":[{"taxonomy":"category","embeddable":true,"href":"https:\/\/www.4plcr.net\/en\/wp-json\/wp\/v2\/categories?post=9465"},{"taxonomy":"post_tag","embeddable":true,"href":"https:\/\/www.4plcr.net\/en\/wp-json\/wp\/v2\/tags?post=9465"}],"curies":[{"name":"wp","href":"https:\/\/api.w.org\/{rel}","templated":true}]}}