{"id":9435,"date":"2023-05-19T04:27:00","date_gmt":"2023-05-19T10:27:00","guid":{"rendered":"https:\/\/www.4plcr.net\/?p=9435"},"modified":"2023-05-19T04:27:00","modified_gmt":"2023-05-19T10:27:00","slug":"superando-la-pandemia-reflexiones-sobre-el-legado-de-la-era-covid-19","status":"publish","type":"post","link":"https:\/\/www.4plcr.net\/en\/superando-la-pandemia-reflexiones-sobre-el-legado-de-la-era-covid-19\/","title":{"rendered":"Superando la pandemia: Reflexiones sobre el legado de la era Covid-19"},"content":{"rendered":"<h2 class=\"wp-block-heading has-small-font-size\"><strong>Reflexiones sobre la Era Post-Covid-19: Desaf\u00edos y Transformaciones en la Cadena de Suministro<\/strong><\/h2>\n\n\n\n<p>La Organizaci\u00f3n Mundial de la Salud (OMS) marc\u00f3 un hito el viernes 5 de mayo de 2023 al declarar el fin de la emergencia sanitaria mundial por Covid-19, poniendo as\u00ed fin a una pandemia que se extendi\u00f3 desde el 30 de enero de 2020. Estos tres a\u00f1os y tres meses de lucha contra la enfermedad han dejado una profunda huella en la log\u00edstica y en la forma en que concebimos la cadena de suministro. La digitalizaci\u00f3n y una nueva forma de operar se han convertido en pilares fundamentales en este nuevo escenario.<\/p>\n\n\n\n<p>Sin embargo, a pesar de los cambios significativos, la industria se enfrenta a\u00fan a sus propias contingencias y a la necesidad de tomar decisiones a corto, mediano y largo plazo. Seg\u00fan el analista Jon Monroe, el mes de mayo ser\u00e1 crucial en t\u00e9rminos de definiciones, ya que se llevar\u00e1n a cabo negociaciones sobre las tarifas de contrato, se finalizar\u00e1n las negociaciones laborales del sindicato de trabajadores portuarios de la costa oeste de Estados Unidos y existe la posibilidad de que se ponga fin al alza de las tasas de inter\u00e9s por parte de la Reserva Federal.<\/p>\n\n\n\n<p>Uno de los legados de la pandemia es el desequilibrio entre la oferta y la demanda, que desafi\u00f3 la capacidad de la industria para responder a una demanda sin precedentes en los peores momentos de la emergencia sanitaria. Los efectos de esta reacci\u00f3n tard\u00eda a\u00fan se sienten hoy en d\u00eda, con una gran cantidad de naves inactivas y millones de contenedores disponibles para transportar carga, mientras las rutas transpac\u00edficas buscan recuperar el equilibrio perdido durante los meses de congesti\u00f3n provocados por la pandemia.<\/p>\n\n\n\n<p>Las tarifas de fletes tambi\u00e9n se encuentran desequilibradas, ya que se est\u00e1n recuperando despu\u00e9s de la ca\u00edda abrupta de los m\u00e1ximos hist\u00f3ricos alcanzados en 2021 y 2022, que permitieron a las navieras obtener ganancias sin precedentes. Adem\u00e1s, el \u00e1mbito laboral tambi\u00e9n presenta desequilibrios, ya que las negociaciones del sindicato de trabajadores portuarios de la costa oeste de Estados Unidos, iniciadas en junio de 2022, han ocasionado interrupciones en los puertos de Los \u00c1ngeles\/Long Beach, resultando en la p\u00e9rdida de miles de TEUs que posiblemente se hayan dirigido hacia puertos de la costa atl\u00e1ntica de forma permanente.<\/p>\n\n\n\n<p>En la era post-Covid-19, una de las promesas clave es la visibilidad de los datos. La toma de decisiones informada se ha convertido en un elemento fundamental para lograr flexibilidad y resiliencia en la cadena de suministro, y esto solo puede lograrse a trav\u00e9s de la integraci\u00f3n de informaci\u00f3n, comunicaciones y conectividad en tiempo real.<\/p>\n\n\n\n<p>Adem\u00e1s, los despidos masivos y el aumento de las tasas de inter\u00e9s en Estados Unidos est\u00e1n desacelerando el consumo, lo que a su vez afecta el flujo de carga. Algunos expertos ya hablan de una posible recesi\u00f3n, mientras que otros consideran que es parte de un movimiento pendular de correcci\u00f3n tras los a\u00f1os de disrupci\u00f3n causados por la pandemia. Independientemente de la causa, es evidente que la capacidad de reacci\u00f3n de la cadena de suministro es fundamental en estos escenarios para gestionar la capacidad y prepararse para un futuro en el que se espera una menor afluencia de carga y una posible variaci\u00f3n en los valores de las tarifas tanto spot como de contratos.<\/p>","protected":false},"excerpt":{"rendered":"<p>Reflexiones sobre la Era Post-Covid-19: Desaf\u00edos y Transformaciones en la Cadena de Suministro La Organizaci\u00f3n Mundial de la Salud (OMS) marc\u00f3 un hito el viernes 5 de mayo de 2023 al declarar el fin de la emergencia sanitaria mundial por Covid-19, poniendo as\u00ed fin a una pandemia que se extendi\u00f3 desde el 30 de enero [&hellip;]<\/p>\n","protected":false},"author":1,"featured_media":9436,"comment_status":"open","ping_status":"open","sticky":false,"template":"","format":"standard","meta":{"footnotes":""},"categories":[11],"tags":[158,267,268,269,114,82,20,41,123],"class_list":["post-9435","post","type-post","status-publish","format-standard","has-post-thumbnail","hentry","category-noticias","tag-4pl","tag-4pl-costa-rica","tag-4pl-el-salvador","tag-4pl-guatemala","tag-costa-rica","tag-covid-19","tag-el-salvador","tag-guatemala","tag-transporte-de-carga"],"aioseo_notices":[],"_links":{"self":[{"href":"https:\/\/www.4plcr.net\/en\/wp-json\/wp\/v2\/posts\/9435","targetHints":{"allow":["GET"]}}],"collection":[{"href":"https:\/\/www.4plcr.net\/en\/wp-json\/wp\/v2\/posts"}],"about":[{"href":"https:\/\/www.4plcr.net\/en\/wp-json\/wp\/v2\/types\/post"}],"author":[{"embeddable":true,"href":"https:\/\/www.4plcr.net\/en\/wp-json\/wp\/v2\/users\/1"}],"replies":[{"embeddable":true,"href":"https:\/\/www.4plcr.net\/en\/wp-json\/wp\/v2\/comments?post=9435"}],"version-history":[{"count":0,"href":"https:\/\/www.4plcr.net\/en\/wp-json\/wp\/v2\/posts\/9435\/revisions"}],"wp:featuredmedia":[{"embeddable":true,"href":"https:\/\/www.4plcr.net\/en\/wp-json\/wp\/v2\/media\/9436"}],"wp:attachment":[{"href":"https:\/\/www.4plcr.net\/en\/wp-json\/wp\/v2\/media?parent=9435"}],"wp:term":[{"taxonomy":"category","embeddable":true,"href":"https:\/\/www.4plcr.net\/en\/wp-json\/wp\/v2\/categories?post=9435"},{"taxonomy":"post_tag","embeddable":true,"href":"https:\/\/www.4plcr.net\/en\/wp-json\/wp\/v2\/tags?post=9435"}],"curies":[{"name":"wp","href":"https:\/\/api.w.org\/{rel}","templated":true}]}}