{"id":9392,"date":"2023-05-10T18:38:43","date_gmt":"2023-05-11T00:38:43","guid":{"rendered":"https:\/\/www.4plcr.net\/?p=9392"},"modified":"2023-05-10T18:38:43","modified_gmt":"2023-05-11T00:38:43","slug":"iata-carga-aerea-en-latinoamerica-registro-descenso-de-53-en-marzo","status":"publish","type":"post","link":"https:\/\/www.4plcr.net\/en\/iata-carga-aerea-en-latinoamerica-registro-descenso-de-53-en-marzo\/","title":{"rendered":"IATA: Carga a\u00e9rea en Latinoam\u00e9rica registr\u00f3 descenso de 5,3% en marzo"},"content":{"rendered":"<p>La Asociaci\u00f3n de Transporte A\u00e9reo Internacional (IATA) ha publicado los datos correspondientes a marzo de 2023 de los mercados mundiales de carga a\u00e9rea, que muestran un descenso continuado con respecto a los resultados de la demanda del a\u00f1o anterior. Particularmente, las l\u00edneas a\u00e9reas latinoamericanas informaron de una ca\u00edda del 5,3% interanual en los vol\u00famenes de carga. Esto supuso un decremento de los resultados en comparaci\u00f3n con febrero, que registr\u00f3 una disminuci\u00f3n del 2,9%. La capacidad en marzo aument\u00f3 un 12,9% en comparaci\u00f3n con el mismo mes de 2022.<\/p>\n\n\n\n<p>La demanda mundial, medida en toneladas-kil\u00f3metro de carga (CTKs), cay\u00f3 un 7,7% en comparaci\u00f3n con marzo de 2022 (-8,1% para las operaciones internacionales). Se trata de una ligera mejora respecto a los resultados de febrero (-9,4%) y la mitad de la tasa de descenso anual registrada en enero y diciembre (-16,8% y -15,6% respectivamente). La capacidad aument\u00f3 un 9,9% respecto a marzo de 2022. El fuerte aumento de las ACTK refleja la adici\u00f3n de capacidad en bodega a medida que el negocio de pasajeros sigue recuper\u00e1ndose.<\/p>\n\n\n\n<p>Las aerol\u00edneas de Asia-Pac\u00edfico vieron disminuir sus vol\u00famenes de carga a\u00e9rea un 7,3% en marzo de 2023 en comparaci\u00f3n con el mismo mes de 2022. Se trata de un ligero descenso en comparaci\u00f3n con febrero (-5,4%).&nbsp; La ca\u00edda de la demanda sugiere que el tr\u00e1fico de carga a\u00e9rea en la regi\u00f3n a\u00fan no se ha estabilizado tras la reapertura de China en enero. La capacidad disponible en la regi\u00f3n aument\u00f3 un 23,6% respecto al 2022.<\/p>\n\n\n\n<p>Los transportistas norteamericanos registraron los n\u00fameros m\u00e1s flojos de todas las regiones, con un descenso del 9,4% en los vol\u00famenes de carga en marzo de 2023 en comparaci\u00f3n con el mismo mes de 2022. Los resultados fueron inferiores a los de febrero (-10,3%).&nbsp; La ruta transatl\u00e1ntica entre Norteam\u00e9rica y Europa vio c\u00f3mo el tr\u00e1fico disminuy\u00f3 a un ritmo acelerado a lo largo de marzo. La capacidad aument\u00f3 un 0,4% en comparaci\u00f3n con marzo de 2022.<\/p>\n\n\n\n<p>Las aerol\u00edneas europeas registraron la mejora m\u00e1s sustancial de la demanda en marzo con respecto al mes anterior. Vieron disminuir sus vol\u00famenes de carga a\u00e9rea un 7,8% en comparaci\u00f3n con el a\u00f1o pasado. Esto supuso una mejora de los resultados con respecto a febrero (-15,9%). Las aerol\u00edneas de la regi\u00f3n siguen siendo las m\u00e1s afectadas por la guerra en Ucrania. La capacidad aument\u00f3 un 8,8% interanual.<\/p>\n\n\n\n<p>Los transportistas de Medio Oriente experimentaron un descenso interanual del 5,5% en los vol\u00famenes de carga en marzo de 2023. Esto tambi\u00e9n supuso una mejora respecto al descenso del mes anterior (-7,1%).\u00a0<\/p>\n\n\n\n<p><br><strong>Para m\u00e1s informaci\u00f3n: <\/strong><a href=\"https:\/\/www.mundomaritimo.cl\/noticias\/iata-carga-aerea-en-latinoamerica-registro-descenso-de-53-en-marzo\" target=\"_blank\" rel=\"noreferrer noopener\">https:\/\/www.mundomaritimo.cl\/noticias\/iata-carga-aerea-en-latinoamerica-registro-descenso-de-53-en-marzo<\/a><\/p>","protected":false},"excerpt":{"rendered":"<p>La Asociaci\u00f3n de Transporte A\u00e9reo Internacional (IATA) ha publicado los datos correspondientes a marzo de 2023 de los mercados mundiales de carga a\u00e9rea, que muestran un descenso continuado con respecto a los resultados de la demanda del a\u00f1o anterior. Particularmente, las l\u00edneas a\u00e9reas latinoamericanas informaron de una ca\u00edda del 5,3% interanual en los vol\u00famenes de [&hellip;]<\/p>\n","protected":false},"author":1,"featured_media":9393,"comment_status":"open","ping_status":"open","sticky":false,"template":"","format":"standard","meta":{"footnotes":""},"categories":[11],"tags":[158,267,268,269,114,20,41,123],"class_list":["post-9392","post","type-post","status-publish","format-standard","has-post-thumbnail","hentry","category-noticias","tag-4pl","tag-4pl-costa-rica","tag-4pl-el-salvador","tag-4pl-guatemala","tag-costa-rica","tag-el-salvador","tag-guatemala","tag-transporte-de-carga"],"aioseo_notices":[],"_links":{"self":[{"href":"https:\/\/www.4plcr.net\/en\/wp-json\/wp\/v2\/posts\/9392","targetHints":{"allow":["GET"]}}],"collection":[{"href":"https:\/\/www.4plcr.net\/en\/wp-json\/wp\/v2\/posts"}],"about":[{"href":"https:\/\/www.4plcr.net\/en\/wp-json\/wp\/v2\/types\/post"}],"author":[{"embeddable":true,"href":"https:\/\/www.4plcr.net\/en\/wp-json\/wp\/v2\/users\/1"}],"replies":[{"embeddable":true,"href":"https:\/\/www.4plcr.net\/en\/wp-json\/wp\/v2\/comments?post=9392"}],"version-history":[{"count":0,"href":"https:\/\/www.4plcr.net\/en\/wp-json\/wp\/v2\/posts\/9392\/revisions"}],"wp:featuredmedia":[{"embeddable":true,"href":"https:\/\/www.4plcr.net\/en\/wp-json\/wp\/v2\/media\/9393"}],"wp:attachment":[{"href":"https:\/\/www.4plcr.net\/en\/wp-json\/wp\/v2\/media?parent=9392"}],"wp:term":[{"taxonomy":"category","embeddable":true,"href":"https:\/\/www.4plcr.net\/en\/wp-json\/wp\/v2\/categories?post=9392"},{"taxonomy":"post_tag","embeddable":true,"href":"https:\/\/www.4plcr.net\/en\/wp-json\/wp\/v2\/tags?post=9392"}],"curies":[{"name":"wp","href":"https:\/\/api.w.org\/{rel}","templated":true}]}}