{"id":9305,"date":"2023-04-05T13:57:47","date_gmt":"2023-04-05T19:57:47","guid":{"rendered":"https:\/\/www.4plcr.net\/?p=9305"},"modified":"2023-04-05T13:57:47","modified_gmt":"2023-04-05T19:57:47","slug":"flota-de-portacontenedores-inactivos-se-reduce-a-mediados-de-marzo","status":"publish","type":"post","link":"https:\/\/www.4plcr.net\/en\/flota-de-portacontenedores-inactivos-se-reduce-a-mediados-de-marzo\/","title":{"rendered":"Flota de portacontenedores inactivos se reduce a mediados de marzo \u00a0"},"content":{"rendered":"<p>El tama\u00f1o de la flota mundial de portacontenedores inactivos disminuy\u00f3 a mediados de marzo tras un descenso tanto de las naves comercialmente ociosas como de la capacidad de los buques en dique seco, seg\u00fan reporta Alphaliner.<\/p>\n\n\n\n<p>En detalle, en las dos \u00faltimas semanas, el n\u00famero de portacontenedores registrados como inactivos descendi\u00f3 en 37 unidades y 114.311 TEUs. En total, se contabilizaron 300 naves ociosas para una capacidad total de 1.565.624 TEUs. Esta cifra, que representa el 6% de la flota celular, supone un decrecimiento con respecto al reciente m\u00e1ximo del 6,4% chequeado 15 d\u00edas antes, pero un aumento con respecto al 2,6% de hace un a\u00f1o.<\/p>\n\n\n\n<p>El descenso de la inactividad de los buques se observ\u00f3 en todos los tama\u00f1os, con la \u00fanica excepci\u00f3n del segmento de 7.500-12.500 TEUs, que se mantuvo m\u00e1s o menos estable.&nbsp;<\/p>\n\n\n\n<p>El segmento de portacontenedores comercialmente inactivos fue el principal impulsor del descenso general de la inactividad de los buques en las dos \u00faltimas semanas. Pues experiment\u00f3 una baja de 25 buques y 83.429 TEUs, y ahora se sit\u00faa en 122 unidades para 721.333 TEUs. Esto equivale al 46% de la flota inactiva, frente al 53% de hace un mes.&nbsp;<\/p>\n\n\n\n<p>Dentro de esta cifra, el n\u00famero de buques ociosos controlados por navieras se redujo en 20 naves y 88.972 TEUs para situarse en 98 buques con 645.303 TEUs. Mientras tanto, el tonelaje inactivo no controlado por armadores tambi\u00e9n disminuy\u00f3 en cinco naves, pero aument\u00f3 ligeramente en t\u00e9rminos de capacidad, en 5.543 TEUs.&nbsp;<\/p>\n\n\n\n<p>En tanto, con un 54%, los buques en dique seco volvieron a representar la mayor proporci\u00f3n de la capacidad inactiva. Sin embargo, este segmento tambi\u00e9n se redujo en 12 portacontenedores y 30.882 TEUs, para situarse en 178 unidades y 844.291 TEUs.<\/p>\n\n\n\n<p><\/p>\n\n\n\n<p><strong>Para m\u00e1s informaci\u00f3n: <\/strong><a href=\"https:\/\/www.mundomaritimo.cl\/noticias\/flota-de-portacontenedores-inactivos-se-reduce-a-mediados-de-marzo\">https:\/\/www.mundomaritimo.cl\/noticias\/flota-de-portacontenedores-inactivos-se-reduce-a-mediados-de-marzo<\/a>&nbsp;<\/p>","protected":false},"excerpt":{"rendered":"<p>El tama\u00f1o de la flota mundial de portacontenedores inactivos disminuy\u00f3 a mediados de marzo tras un descenso tanto de las naves comercialmente ociosas como de la capacidad de los buques en dique seco, seg\u00fan reporta Alphaliner. En detalle, en las dos \u00faltimas semanas, el n\u00famero de portacontenedores registrados como inactivos descendi\u00f3 en 37 unidades y [&hellip;]<\/p>\n","protected":false},"author":1,"featured_media":9306,"comment_status":"open","ping_status":"open","sticky":false,"template":"","format":"standard","meta":{"footnotes":""},"categories":[11],"tags":[158,267,268,269,114,20,41,123],"class_list":["post-9305","post","type-post","status-publish","format-standard","has-post-thumbnail","hentry","category-noticias","tag-4pl","tag-4pl-costa-rica","tag-4pl-el-salvador","tag-4pl-guatemala","tag-costa-rica","tag-el-salvador","tag-guatemala","tag-transporte-de-carga"],"aioseo_notices":[],"_links":{"self":[{"href":"https:\/\/www.4plcr.net\/en\/wp-json\/wp\/v2\/posts\/9305","targetHints":{"allow":["GET"]}}],"collection":[{"href":"https:\/\/www.4plcr.net\/en\/wp-json\/wp\/v2\/posts"}],"about":[{"href":"https:\/\/www.4plcr.net\/en\/wp-json\/wp\/v2\/types\/post"}],"author":[{"embeddable":true,"href":"https:\/\/www.4plcr.net\/en\/wp-json\/wp\/v2\/users\/1"}],"replies":[{"embeddable":true,"href":"https:\/\/www.4plcr.net\/en\/wp-json\/wp\/v2\/comments?post=9305"}],"version-history":[{"count":0,"href":"https:\/\/www.4plcr.net\/en\/wp-json\/wp\/v2\/posts\/9305\/revisions"}],"wp:featuredmedia":[{"embeddable":true,"href":"https:\/\/www.4plcr.net\/en\/wp-json\/wp\/v2\/media\/9306"}],"wp:attachment":[{"href":"https:\/\/www.4plcr.net\/en\/wp-json\/wp\/v2\/media?parent=9305"}],"wp:term":[{"taxonomy":"category","embeddable":true,"href":"https:\/\/www.4plcr.net\/en\/wp-json\/wp\/v2\/categories?post=9305"},{"taxonomy":"post_tag","embeddable":true,"href":"https:\/\/www.4plcr.net\/en\/wp-json\/wp\/v2\/tags?post=9305"}],"curies":[{"name":"wp","href":"https:\/\/api.w.org\/{rel}","templated":true}]}}