{"id":9284,"date":"2023-03-27T13:25:00","date_gmt":"2023-03-27T19:25:00","guid":{"rendered":"https:\/\/www.4plcr.net\/?p=9284"},"modified":"2023-03-27T13:25:00","modified_gmt":"2023-03-27T19:25:00","slug":"esperanzas-de-repunte-del-transporte-de-mercancias-se-desvanecen-ante-el-exceso-de-stock","status":"publish","type":"post","link":"https:\/\/www.4plcr.net\/en\/esperanzas-de-repunte-del-transporte-de-mercancias-se-desvanecen-ante-el-exceso-de-stock\/","title":{"rendered":"Esperanzas de repunte del transporte de mercanc\u00edas se desvanecen ante el exceso de stock"},"content":{"rendered":"<p>Los estantes est\u00e1n llenos y nadie est\u00e1 comprando. Sin demanda de consumo, no hay movimientos nuevos\u2026 y con este panorama de frente se caen las expectativas de que la demanda se recupere con fuerza en la segunda mitad del a\u00f1o con la esperanza que las empresas vuelvan a los patrones de pedidos m\u00e1s t\u00edpicos, previos a la pandemia, tras haber agotado el exceso de inventarios.<\/p>\n\n\n\n<p>Sin embargo, en medio de la creciente incertidumbre econ\u00f3mica y los signos de que los minoristas son cada vez m\u00e1s cautelosos a la hora de hacer grandes pedidos en 2023, los ejecutivos de log\u00edstica afirman que los vol\u00famenes de mercanc\u00edas que se mueven a trav\u00e9s de las cadenas de suministro han disminuido m\u00e1s de lo previsto en el inicio del a\u00f1o, mientras que indicadores m\u00e1s amplios, como las cifras de ventas al por menor, est\u00e1n suscitando preocupaci\u00f3n sobre la direcci\u00f3n de la econom\u00eda.&nbsp;<\/p>\n\n\n\n<p>La demanda de transporte de mercanc\u00edas empez\u00f3 a ralentizarse a mediados de 2022, cuando el gasto de los consumidores se desplaz\u00f3 de los bienes a los servicios y los grandes minoristas se vieron desbordados de inventarios tras una pandemia impulsada por la prisa por llenar las estanter\u00edas de las tiendas.&nbsp;<\/p>\n\n\n\n<p>Todos los an\u00e1lisis y proyecciones apuntan a que el manejo del exceso de inventarios por parte de los due\u00f1os de la carga ser\u00e1 lo que prime durante el 2023, lo cual sumar\u00eda incertidumbre a los transportistas. Las esperanzas se mantienen altas para la segunda mitad del a\u00f1o, donde las compa\u00f1\u00edas de servicios log\u00edsticos esperan que la demanda de fin de a\u00f1o impulse la actividad.&nbsp;<\/p>\n\n\n\n<p>No obstante, las cifras respaldan el augurio poco auspicioso: \u00edndice Drewry de tr\u00e1fico portuario mundial de contenedores cay\u00f3 un 2,6% intermensual y un 4,5% interanual en enero de 2023. El modelo predictivo de Drewry estima una ca\u00edda adicional del 5,6% intermensual en febrero de 2023. Norteam\u00e9rica experiment\u00f3 la mayor ca\u00edda, del 11,0% interanual, seguida de una reducci\u00f3n del 8,2% interanual en Europa. Es m\u00e1s, las importaciones de contenedores en el Puerto de Los \u00c1ngeles\/Long Beach, el complejo portuario m\u00e1s ocupado de los Estados Unidos, cay\u00f3 estrepitosamente 38% interanual en febrero, seg\u00fan consigna Alphaliner.&nbsp;<\/p>\n\n\n\n<p>\u201cEl adelanto del A\u00f1o Nuevo Chino, con el inicio de las vacaciones en la \u00faltima semana de enero, afect\u00f3 al \u00edndice de tr\u00e1fico portuario de la Gran China.&nbsp;&nbsp;<\/p>\n\n\n\n<p><strong>Para m\u00e1s informaci\u00f3n:<\/strong> <a href=\"https:\/\/www.mundomaritimo.cl\/noticias\/esperanzas-de-repunte-del-transporte-de-mercancias-se-desvanecen-ante-el-exceso-de-stock\">https:\/\/www.mundomaritimo.cl\/noticias\/esperanzas-de-repunte-del-transporte-de-mercancias-se-desvanecen-ante-el-exceso-de-stock<\/a>&nbsp;<\/p>","protected":false},"excerpt":{"rendered":"<p>Los estantes est\u00e1n llenos y nadie est\u00e1 comprando. Sin demanda de consumo, no hay movimientos nuevos\u2026 y con este panorama de frente se caen las expectativas de que la demanda se recupere con fuerza en la segunda mitad del a\u00f1o con la esperanza que las empresas vuelvan a los patrones de pedidos m\u00e1s t\u00edpicos, previos [&hellip;]<\/p>\n","protected":false},"author":1,"featured_media":9285,"comment_status":"open","ping_status":"open","sticky":false,"template":"","format":"standard","meta":{"footnotes":""},"categories":[11],"tags":[158,267,268,269,114,20,41,123],"class_list":["post-9284","post","type-post","status-publish","format-standard","has-post-thumbnail","hentry","category-noticias","tag-4pl","tag-4pl-costa-rica","tag-4pl-el-salvador","tag-4pl-guatemala","tag-costa-rica","tag-el-salvador","tag-guatemala","tag-transporte-de-carga"],"aioseo_notices":[],"_links":{"self":[{"href":"https:\/\/www.4plcr.net\/en\/wp-json\/wp\/v2\/posts\/9284","targetHints":{"allow":["GET"]}}],"collection":[{"href":"https:\/\/www.4plcr.net\/en\/wp-json\/wp\/v2\/posts"}],"about":[{"href":"https:\/\/www.4plcr.net\/en\/wp-json\/wp\/v2\/types\/post"}],"author":[{"embeddable":true,"href":"https:\/\/www.4plcr.net\/en\/wp-json\/wp\/v2\/users\/1"}],"replies":[{"embeddable":true,"href":"https:\/\/www.4plcr.net\/en\/wp-json\/wp\/v2\/comments?post=9284"}],"version-history":[{"count":0,"href":"https:\/\/www.4plcr.net\/en\/wp-json\/wp\/v2\/posts\/9284\/revisions"}],"wp:featuredmedia":[{"embeddable":true,"href":"https:\/\/www.4plcr.net\/en\/wp-json\/wp\/v2\/media\/9285"}],"wp:attachment":[{"href":"https:\/\/www.4plcr.net\/en\/wp-json\/wp\/v2\/media?parent=9284"}],"wp:term":[{"taxonomy":"category","embeddable":true,"href":"https:\/\/www.4plcr.net\/en\/wp-json\/wp\/v2\/categories?post=9284"},{"taxonomy":"post_tag","embeddable":true,"href":"https:\/\/www.4plcr.net\/en\/wp-json\/wp\/v2\/tags?post=9284"}],"curies":[{"name":"wp","href":"https:\/\/api.w.org\/{rel}","templated":true}]}}