{"id":8757,"date":"2023-03-16T17:24:31","date_gmt":"2023-03-16T23:24:31","guid":{"rendered":"https:\/\/www.4plcr.net\/?p=8757"},"modified":"2023-03-16T17:24:31","modified_gmt":"2023-03-16T23:24:31","slug":"iata-latinoamerica-registra-mejor-rendimiento-de-carga-aerea-de-todas-las-regiones-en-enero-del-2023","status":"publish","type":"post","link":"https:\/\/www.4plcr.net\/en\/iata-latinoamerica-registra-mejor-rendimiento-de-carga-aerea-de-todas-las-regiones-en-enero-del-2023\/","title":{"rendered":"IATA: Latinoam\u00e9rica registra mejor rendimiento de carga a\u00e9rea de todas las regiones en enero del 2023"},"content":{"rendered":"<p>La Asociaci\u00f3n de Transporte A\u00e9reo Internacional (IATA) public\u00f3 los datos correspondientes a los mercados mundiales de carga a\u00e9rea de enero de 2023, que muestran que la demanda ha disminuido debido a la persistencia de los vientos econ\u00f3micos en contra. Sin embargo, las aerol\u00edneas latinoamericanas registraron el rendimiento m\u00e1s fuerte de todas las regiones y una mejora significativa en comparaci\u00f3n con diciembre, mes en el que no se vio ning\u00fan crecimiento.&nbsp;<\/p>\n\n\n\n<p>En concreto las l\u00edneas a\u00e9reas de Latino Am\u00e9rica, aumentaron un 4,6% los vol\u00famenes de carga en enero de 2023 en comparaci\u00f3n con enero de 2022. En tanto, la capacidad en enero aument\u00f3 un 34,4% en comparaci\u00f3n con el mismo mes de 2022.&nbsp;&nbsp;<\/p>\n\n\n\n<p>Respecto a la demanda mundial, medida en toneladas-kil\u00f3metro de carga (CTK), cay\u00f3 un 14,9% en comparaci\u00f3n con enero de 2022 (-16,2% para las operaciones internacionales). Al contrario, la capacidad (medida en toneladas-kil\u00f3metro de carga disponibles, ACTK) aument\u00f3 un 3,9% en comparaci\u00f3n con enero de 2022, este fue el primer crecimiento interanual desde octubre de 2022.<\/p>\n\n\n\n<p>En cuanto a la capacidad de carga internacional \u00e9sta aument\u00f3 un 1,4% en comparaci\u00f3n con enero de 2022. El repunte de los ACTK refleja la fuerte recuperaci\u00f3n de la capacidad de vientre en los mercados de las aerol\u00edneas de pasajeros, compensando un descenso de la capacidad internacional ofrecida por los cargueros dedicados.&nbsp;<\/p>\n\n\n\n<p>El componente mundial de nuevos pedidos de exportaci\u00f3n del PMI manufacturero, un indicador adelantado de la demanda de carga, aument\u00f3 en enero por primera vez desde octubre de 2022. En las principales econom\u00edas, los env\u00edos est\u00e1n creciendo y, en China y EE.UU., los niveles del PMI se acercan a la marca cr\u00edtica de 50, lo que indica que la demanda de productos manufacturados de las dos mayores econom\u00edas del mundo se est\u00e1 estabilizando.<\/p>\n\n\n\n<p>IATA tambi\u00e9n se\u00f1ala que el comercio mundial de bienes disminuy\u00f3 un 3,0% en diciembre, lo que supuso el segundo descenso mensual consecutivo. En tanto, el \u00edndice de precios al consumo de los pa\u00edses del G7 disminuy\u00f3 del 7,4% en noviembre al 6,7% en enero. La inflaci\u00f3n de los precios de producci\u00f3n (insumos) se redujo 2,2 puntos porcentuales, hasta el 9,6% en diciembre.<\/p>\n\n\n\n<p><strong>Para m\u00e1s informaci\u00f3n: <\/strong><a href=\"https:\/\/www.mundomaritimo.cl\/noticias\/iata-latinoamerica-registra-mejor-rendimiento-de-carga-aerea-de-todas-las-regiones-en-enero-del-2023\" target=\"_blank\" rel=\"noreferrer noopener\">https:\/\/www.mundomaritimo.cl\/noticias\/iata-latinoamerica-registra-mejor-rendimiento-de-carga-aerea-de-todas-las-regiones-en-enero-del-2023<\/a>\u00a0<\/p>","protected":false},"excerpt":{"rendered":"<p>La Asociaci\u00f3n de Transporte A\u00e9reo Internacional (IATA) public\u00f3 los datos correspondientes a los mercados mundiales de carga a\u00e9rea de enero de 2023, que muestran que la demanda ha disminuido debido a la persistencia de los vientos econ\u00f3micos en contra. Sin embargo, las aerol\u00edneas latinoamericanas registraron el rendimiento m\u00e1s fuerte de todas las regiones y una [&hellip;]<\/p>\n","protected":false},"author":1,"featured_media":8758,"comment_status":"open","ping_status":"open","sticky":false,"template":"","format":"standard","meta":{"footnotes":""},"categories":[11],"tags":[158,267,268,269,114,20,41,123],"class_list":["post-8757","post","type-post","status-publish","format-standard","has-post-thumbnail","hentry","category-noticias","tag-4pl","tag-4pl-costa-rica","tag-4pl-el-salvador","tag-4pl-guatemala","tag-costa-rica","tag-el-salvador","tag-guatemala","tag-transporte-de-carga"],"aioseo_notices":[],"_links":{"self":[{"href":"https:\/\/www.4plcr.net\/en\/wp-json\/wp\/v2\/posts\/8757","targetHints":{"allow":["GET"]}}],"collection":[{"href":"https:\/\/www.4plcr.net\/en\/wp-json\/wp\/v2\/posts"}],"about":[{"href":"https:\/\/www.4plcr.net\/en\/wp-json\/wp\/v2\/types\/post"}],"author":[{"embeddable":true,"href":"https:\/\/www.4plcr.net\/en\/wp-json\/wp\/v2\/users\/1"}],"replies":[{"embeddable":true,"href":"https:\/\/www.4plcr.net\/en\/wp-json\/wp\/v2\/comments?post=8757"}],"version-history":[{"count":0,"href":"https:\/\/www.4plcr.net\/en\/wp-json\/wp\/v2\/posts\/8757\/revisions"}],"wp:featuredmedia":[{"embeddable":true,"href":"https:\/\/www.4plcr.net\/en\/wp-json\/wp\/v2\/media\/8758"}],"wp:attachment":[{"href":"https:\/\/www.4plcr.net\/en\/wp-json\/wp\/v2\/media?parent=8757"}],"wp:term":[{"taxonomy":"category","embeddable":true,"href":"https:\/\/www.4plcr.net\/en\/wp-json\/wp\/v2\/categories?post=8757"},{"taxonomy":"post_tag","embeddable":true,"href":"https:\/\/www.4plcr.net\/en\/wp-json\/wp\/v2\/tags?post=8757"}],"curies":[{"name":"wp","href":"https:\/\/api.w.org\/{rel}","templated":true}]}}