{"id":8731,"date":"2023-03-07T11:22:04","date_gmt":"2023-03-07T17:22:04","guid":{"rendered":"https:\/\/www.4plcr.net\/?p=8731"},"modified":"2023-03-07T11:22:04","modified_gmt":"2023-03-07T17:22:04","slug":"costa-rica-caida-del-dolar-amenaza-las-exportaciones-al-turismo-pymes-y-puestos-de-trabajo","status":"publish","type":"post","link":"https:\/\/www.4plcr.net\/en\/costa-rica-caida-del-dolar-amenaza-las-exportaciones-al-turismo-pymes-y-puestos-de-trabajo\/","title":{"rendered":"Costa Rica: Ca\u00edda del d\u00f3lar amenaza las exportaciones, al turismo, Pymes y puestos de trabajo."},"content":{"rendered":"<p>Fuga de turistas hacia otros pa\u00edses de la regi\u00f3n, ca\u00edda en las exportaciones, p\u00e9rdida de competitividad y reducci\u00f3n de las fuentes de empleo, son varias de las consecuencias indeseables que se\u00f1ala el sector productivo y expertos economistas, tras el brusco descenso que ha sufrido el precio del d\u00f3lar en nuestro pa\u00eds.&nbsp;<\/p>\n\n\n\n<p>Preocupados por los efectos negativos generados por la ca\u00edda del tipo de cambio, los principales sectores productivos organizaron este mi\u00e9rcoles un foro para discutir el impacto de esta situaci\u00f3n en el futuro de las empresas y en la econom\u00eda del pa\u00eds.&nbsp;<\/p>\n\n\n\n<p>Este evento que reuni\u00f3 a m\u00e1s de 200 empresarios de diferentes sectores productivos cont\u00f3 con la participaci\u00f3n de los reconocidos economistas Fernando Naranjo, Jos\u00e9 Luis Arce y Gerardo Corrales, quienes coincidieron en la importancia de alcanzar un equilibrio en el tipo de cambio que asegure bienestar y empleo para las familias y la sobrevivencia de las empresas.&nbsp;<\/p>\n\n\n\n<p>Los empresarios explicaron que un d\u00f3lar barato es un beneficio enga\u00f1oso para la ciudadan\u00eda, porque en el plazo inmediato puede producir un abaratamiento de las importaciones y hasta una contracci\u00f3n de la inflaci\u00f3n, pero muy r\u00e1pido destruye empresas y empleo por la p\u00e9rdida de competitividad, tanto de las que exportan bienes y servicios, producen en el mercado nacional,&nbsp; como las que se dedican al turismo en el pa\u00eds.&nbsp;<\/p>\n\n\n\n<p>Un d\u00f3lar barato hace que se encarezcan los servicios para los turistas, quienes elegir\u00e1n otros destinos m\u00e1s econ\u00f3micos, al mismo tiempo, los empresarios costarricenses, peque\u00f1os y medianos incluidos, que se dedican a atender el turismo extranjero, enfrentar\u00e1n serios problemas para pagar salarios y deudas bancarias pues reciben menos colones por cada d\u00f3lar vendido. Lo mismo sucede con las empresas de exportaci\u00f3n de bienes, incluyendo las que venden software, pues los compradores y consumidores externos deber\u00e1n pagar m\u00e1s d\u00f3lares por los mismos productos y servicios comprados a los costarricenses. Finalmente los compradores terminar\u00e1n buscando en otros pa\u00edses los productos y servicios que actualmente compran en Costa Rica.&nbsp; \u201cUn d\u00f3lar barato no beneficia a nadie en el mediano y largo plazo, solo destruye empresas y empleo para las familias\u201d, se\u00f1al\u00f3 Rigoberto Vega representante de los empresarios.&nbsp;<\/p>\n\n\n\n<p>Los representantes del Sector Productivo se\u00f1alaron que la apreciaci\u00f3n que ha experimentado la moneda local en los \u00faltimos meses&nbsp; representa un duro golpe para las medianas y peque\u00f1as empresas, que apenas vienen sobreviviendo despu\u00e9s de la crisis de COVID 19.<\/p>\n\n\n\n<p><strong>Para m\u00e1s informaci\u00f3n:<\/strong> <a href=\"https:\/\/revistasumma.com\/costa-rica-caida-del-dolar-amenaza-las-exportaciones-al-turismo-pymes-y-puestos-de-trabajo\/\" target=\"_blank\" rel=\"noreferrer noopener\">https:\/\/revistasumma.com\/costa-rica-caida-del-dolar-amenaza-las-exportaciones-al-turismo-pymes-y-puestos-de-trabajo\/<\/a>\u00a0<\/p>","protected":false},"excerpt":{"rendered":"<p>Fuga de turistas hacia otros pa\u00edses de la regi\u00f3n, ca\u00edda en las exportaciones, p\u00e9rdida de competitividad y reducci\u00f3n de las fuentes de empleo, son varias de las consecuencias indeseables que se\u00f1ala el sector productivo y expertos economistas, tras el brusco descenso que ha sufrido el precio del d\u00f3lar en nuestro pa\u00eds.&nbsp; Preocupados por los efectos [&hellip;]<\/p>\n","protected":false},"author":1,"featured_media":8732,"comment_status":"open","ping_status":"open","sticky":false,"template":"","format":"standard","meta":{"footnotes":""},"categories":[11],"tags":[158,267,268,269,114,20,41,123],"class_list":["post-8731","post","type-post","status-publish","format-standard","has-post-thumbnail","hentry","category-noticias","tag-4pl","tag-4pl-costa-rica","tag-4pl-el-salvador","tag-4pl-guatemala","tag-costa-rica","tag-el-salvador","tag-guatemala","tag-transporte-de-carga"],"aioseo_notices":[],"_links":{"self":[{"href":"https:\/\/www.4plcr.net\/en\/wp-json\/wp\/v2\/posts\/8731","targetHints":{"allow":["GET"]}}],"collection":[{"href":"https:\/\/www.4plcr.net\/en\/wp-json\/wp\/v2\/posts"}],"about":[{"href":"https:\/\/www.4plcr.net\/en\/wp-json\/wp\/v2\/types\/post"}],"author":[{"embeddable":true,"href":"https:\/\/www.4plcr.net\/en\/wp-json\/wp\/v2\/users\/1"}],"replies":[{"embeddable":true,"href":"https:\/\/www.4plcr.net\/en\/wp-json\/wp\/v2\/comments?post=8731"}],"version-history":[{"count":0,"href":"https:\/\/www.4plcr.net\/en\/wp-json\/wp\/v2\/posts\/8731\/revisions"}],"wp:featuredmedia":[{"embeddable":true,"href":"https:\/\/www.4plcr.net\/en\/wp-json\/wp\/v2\/media\/8732"}],"wp:attachment":[{"href":"https:\/\/www.4plcr.net\/en\/wp-json\/wp\/v2\/media?parent=8731"}],"wp:term":[{"taxonomy":"category","embeddable":true,"href":"https:\/\/www.4plcr.net\/en\/wp-json\/wp\/v2\/categories?post=8731"},{"taxonomy":"post_tag","embeddable":true,"href":"https:\/\/www.4plcr.net\/en\/wp-json\/wp\/v2\/tags?post=8731"}],"curies":[{"name":"wp","href":"https:\/\/api.w.org\/{rel}","templated":true}]}}