{"id":8728,"date":"2023-03-06T16:12:59","date_gmt":"2023-03-06T22:12:59","guid":{"rendered":"https:\/\/www.4plcr.net\/?p=8728"},"modified":"2023-03-06T16:12:59","modified_gmt":"2023-03-06T22:12:59","slug":"costa-rica-tras-firma-de-tlc-con-ecuador-la-cicr-fortalecera-lazos-con-sector-productivo-de-ese-pais","status":"publish","type":"post","link":"https:\/\/www.4plcr.net\/en\/costa-rica-tras-firma-de-tlc-con-ecuador-la-cicr-fortalecera-lazos-con-sector-productivo-de-ese-pais\/","title":{"rendered":"Costa Rica: Tras firma de TLC con Ecuador, la CICR fortalecer\u00e1 lazos con sector productivo de ese pa\u00eds"},"content":{"rendered":"<p>La C\u00e1mara de Industrias de Costa Rica (CICR) felicita al Gobierno de la Rep\u00fablica su compromiso con el modelo de desarrollo de apertura comercial, diversificaci\u00f3n productiva y atracci\u00f3n de inversiones. Asimismo, ratificamos el compromiso de trabajar de manera proactiva y generar acercamientos con el sector productivo de Ecuador, para lograr los mejores resultados posibles de la implementaci\u00f3n del Acuerdo de Asociaci\u00f3n Comercial entre Costa Rica y Ecuador (Tratado de Libre Comercio).<\/p>\n\n\n\n<p>\u201cLa firma de este acuerdo bilateral reafirma nuestro camino para el desarrollo econ\u00f3mico y generaci\u00f3n de empleo de Costa Rica a trav\u00e9s de una mayor integraci\u00f3n con el mundo. El comercio internacional es una herramienta indispensable para el crecimiento econ\u00f3mico y el desarrollo de los Estados\u201d, coment\u00f3 Enrique Egloff, presidente Ejecutivo de la C\u00e1mara de Industrias de Costa Rica. Seg\u00fan datos publicados por el Ministerio de Comercio Exterior (COMEX), la relaci\u00f3n comercial con este pa\u00eds gener\u00f3 flujos bilaterales por m\u00e1s $740 millones en la \u00faltima d\u00e9cada, y que en el 2021 creci\u00f3 a doble d\u00edgito.<\/p>\n\n\n\n<p>Al mismo tiempo, la C\u00e1mara de Industrias de Costa Rica, hizo un llamado para recordar que la apertura comercial debe ir de la mano de la facilitaci\u00f3n del comercio, ya que de esto depende que el pa\u00eds y nuestras empresas sean competitivas. \u201cReiteramos la importancia de avanzar en la digitalizaci\u00f3n, automatizaci\u00f3n, en la eliminaci\u00f3n del papel y de la duplicaci\u00f3n de requisitos que no aportan valor en los procesos de control, lograr&nbsp; mayor agilidad y eficiencia en los controles, la modernizaci\u00f3n de los sistemas de gesti\u00f3n de riesgo, la efectiva implementaci\u00f3n de la gesti\u00f3n coordinada de fronteras, la modernizaci\u00f3n de nuestros puertos, aeropuertos y pasos de frontera y la erradicaci\u00f3n del comercio il\u00edcito en todas sus formas. Todos elementos indispensables para lograr cosechar los frutos de la apertura comercial\u201d, a\u00f1adi\u00f3 Egloff.<\/p>\n\n\n\n<p>\u201cCosta Rica es una econom\u00eda peque\u00f1a y abierta para la cual la diversificaci\u00f3n de las exportaciones y la atracci\u00f3n de inversi\u00f3n extranjera directa han sido pilares fundamentales de su modelo de desarrollo econ\u00f3mico. Es apropiada la decisi\u00f3n del Gobierno de fortalecer el camino de la internacionalizaci\u00f3n del pa\u00eds, que ha permitido diversificar la matriz de exportaci\u00f3n y avanzar en la construcci\u00f3n de un ambiente seguro para la inversi\u00f3n. Debemos seguir en la l\u00ednea e incluir en un futuro cercano otras negociaciones y adhesiones a bloques comerciales que permitan una mayor generaci\u00f3n de empleo en el pa\u00eds, as\u00ed como fortalecer los esfuerzos en avanzar en la transversalizaci\u00f3n del enfoque de facilitaci\u00f3n del comercio\u201d, concluy\u00f3 Egloff.<\/p>\n\n\n\n<p><strong>Para m\u00e1s informaci\u00f3n:<\/strong> <a href=\"https:\/\/revistasumma.com\/costa-rica-tras-firma-de-tlc-con-ecuador-la-cicr-fortalecera-lazos-con-sector-productivo-de-ese-pais\/\" target=\"_blank\" rel=\"noreferrer noopener\">https:\/\/revistasumma.com\/costa-rica-tras-firma-de-tlc-con-ecuador-la-cicr-fortalecera-lazos-con-sector-productivo-de-ese-pais\/<\/a>\u00a0<\/p>","protected":false},"excerpt":{"rendered":"<p>La C\u00e1mara de Industrias de Costa Rica (CICR) felicita al Gobierno de la Rep\u00fablica su compromiso con el modelo de desarrollo de apertura comercial, diversificaci\u00f3n productiva y atracci\u00f3n de inversiones. Asimismo, ratificamos el compromiso de trabajar de manera proactiva y generar acercamientos con el sector productivo de Ecuador, para lograr los mejores resultados posibles de [&hellip;]<\/p>\n","protected":false},"author":1,"featured_media":8729,"comment_status":"open","ping_status":"open","sticky":false,"template":"","format":"standard","meta":{"footnotes":""},"categories":[11],"tags":[158,267,268,269,114,20,41,123],"class_list":["post-8728","post","type-post","status-publish","format-standard","has-post-thumbnail","hentry","category-noticias","tag-4pl","tag-4pl-costa-rica","tag-4pl-el-salvador","tag-4pl-guatemala","tag-costa-rica","tag-el-salvador","tag-guatemala","tag-transporte-de-carga"],"aioseo_notices":[],"_links":{"self":[{"href":"https:\/\/www.4plcr.net\/en\/wp-json\/wp\/v2\/posts\/8728","targetHints":{"allow":["GET"]}}],"collection":[{"href":"https:\/\/www.4plcr.net\/en\/wp-json\/wp\/v2\/posts"}],"about":[{"href":"https:\/\/www.4plcr.net\/en\/wp-json\/wp\/v2\/types\/post"}],"author":[{"embeddable":true,"href":"https:\/\/www.4plcr.net\/en\/wp-json\/wp\/v2\/users\/1"}],"replies":[{"embeddable":true,"href":"https:\/\/www.4plcr.net\/en\/wp-json\/wp\/v2\/comments?post=8728"}],"version-history":[{"count":0,"href":"https:\/\/www.4plcr.net\/en\/wp-json\/wp\/v2\/posts\/8728\/revisions"}],"wp:featuredmedia":[{"embeddable":true,"href":"https:\/\/www.4plcr.net\/en\/wp-json\/wp\/v2\/media\/8729"}],"wp:attachment":[{"href":"https:\/\/www.4plcr.net\/en\/wp-json\/wp\/v2\/media?parent=8728"}],"wp:term":[{"taxonomy":"category","embeddable":true,"href":"https:\/\/www.4plcr.net\/en\/wp-json\/wp\/v2\/categories?post=8728"},{"taxonomy":"post_tag","embeddable":true,"href":"https:\/\/www.4plcr.net\/en\/wp-json\/wp\/v2\/tags?post=8728"}],"curies":[{"name":"wp","href":"https:\/\/api.w.org\/{rel}","templated":true}]}}