{"id":8725,"date":"2023-03-03T15:56:41","date_gmt":"2023-03-03T21:56:41","guid":{"rendered":"https:\/\/www.4plcr.net\/?p=8725"},"modified":"2023-03-03T15:56:41","modified_gmt":"2023-03-03T21:56:41","slug":"primer-vuelo-de-carga-consolidada-llega-a-guanacaste-para-empresas-dedicadas-a-la-exportacion-de-manufactura-avanzada","status":"publish","type":"post","link":"https:\/\/www.4plcr.net\/en\/primer-vuelo-de-carga-consolidada-llega-a-guanacaste-para-empresas-dedicadas-a-la-exportacion-de-manufactura-avanzada\/","title":{"rendered":"Primer vuelo de carga consolidada llega a Guanacaste para empresas dedicadas a la exportaci\u00f3n de manufactura avanzada"},"content":{"rendered":"<p>El Aeropuerto Internacional de Guanacaste, Daniel Oduber Quir\u00f3s, recibi\u00f3 su primera aeronave de carga consolidada para importaci\u00f3n y exportaci\u00f3n, la cual contempla productos y materia prima para los sectores de manufactura avanzada y dispositivos m\u00e9dicos. As\u00ed lo dio a conocer la Coalici\u00f3n Costarricense de Iniciativas de Desarrollo (Cinde) por medio de un comunicado de prensa. La carga consolidada es un tipo de carga que combina env\u00edos de varias compa\u00f1\u00edas dentro de un mismo contenedor, de esta manera comparten el espacio y los costos del transporte seg\u00fan su mercanc\u00eda.<\/p>\n\n\n\n<p>El arribo del primer avi\u00f3n de carga consolidada se coordin\u00f3 con el apoyo del Ministerio de Comercio Exterior, Cinde, la Direcci\u00f3n General de Aviaci\u00f3n Civil, la Direcci\u00f3n General de Aduanas y el Servicio Nacional de Salud Animal (Senasa). Seg\u00fan explica el documento, esta llegada marca un hito en la din\u00e1mica log\u00edstica del aeropuerto y brinda una ventaja competitiva para la Regi\u00f3n Chorotega.<\/p>\n\n\n\n<p>\u201cEsta ampliaci\u00f3n de operaciones, m\u00e1s all\u00e1 del turismo, demuestra ser un punto estrat\u00e9gico que cumple con los requisitos necesarios para atender las necesidades de importaci\u00f3n y exportaci\u00f3n de m\u00faltiples sectores, incluyendo aquellos altamente sofisticados y en alta demanda mundial como lo son los componentes electr\u00f3nicos, lo cual contribuir\u00e1 a la generaci\u00f3n de nuevas oportunidades de reactivaci\u00f3n econ\u00f3mica en la regi\u00f3n\u201d, menciona el comunicado de prensa.<\/p>\n\n\n\n<p>\u201cEn un contexto global donde las cadenas de valor se han redise\u00f1ado y el contexto geopol\u00edtico abre nuevas oportunidades, es imperativo para Costa Rica poder aprovecharlas a trav\u00e9s de mayores y mejores plataformas que aumenten nuestra conectividad. As\u00ed, podemos potenciar nuestra posici\u00f3n geogr\u00e1fica estrat\u00e9gica y la calidad de nuestro talento en la producci\u00f3n de componentes altamente complejos y con una gran demanda global a la alza, como lo son los electr\u00f3nicos y dispositivos m\u00e9dicos, cuyas exportaciones crecieron 33% y 37% en 2021 respectivamente\u201d, comenta Jorge Sequeira, Director General de Cinde\u201c.<\/p>\n\n\n\n<p>Considerando la capacidad instalada de Guanacaste Aeropuerto y las fortalezas identificadas de la zona, desde finales de 2021 se conform\u00f3 un grupo de trabajo empresarial, integrado por m\u00e1s de quince empresas de diversos sectores: G-RAU Group, Intel, ICU Medical, Terrapez, Martec, Truchas Reales, Coca-Cola Industrias, HA Logix, Logitsa, Expeditors, Solarium, entre otras. Este equipo tuvo como objetivos lograr un mayor aprovechamiento del aeropuerto, consolidar su posicionamiento como centro de carga y generar un impacto positivo en el clima de negocios. Los gestantes esperan que sus esfuerzos se traduzcan en un mejor desarrollo para la poblaci\u00f3n costarricense.<\/p>\n\n\n\n<p><strong>Para m\u00e1s informaci\u00f3n: <\/strong><a href=\"https:\/\/www.elfinancierocr.com\/negocios\/primer-vuelo-de-carga-consolidada-llega-a\/5S46RSX4S5B3DAZ2NR5V62GVC4\/story\/\" target=\"_blank\" rel=\"noreferrer noopener\">https:\/\/www.elfinancierocr.com\/negocios\/primer-vuelo-de-carga-consolidada-llega-a\/5S46RSX4S5B3DAZ2NR5V62GVC4\/story\/<\/a>\u00a0<\/p>","protected":false},"excerpt":{"rendered":"<p>El Aeropuerto Internacional de Guanacaste, Daniel Oduber Quir\u00f3s, recibi\u00f3 su primera aeronave de carga consolidada para importaci\u00f3n y exportaci\u00f3n, la cual contempla productos y materia prima para los sectores de manufactura avanzada y dispositivos m\u00e9dicos. As\u00ed lo dio a conocer la Coalici\u00f3n Costarricense de Iniciativas de Desarrollo (Cinde) por medio de un comunicado de prensa. [&hellip;]<\/p>\n","protected":false},"author":1,"featured_media":8726,"comment_status":"open","ping_status":"open","sticky":false,"template":"","format":"standard","meta":{"footnotes":""},"categories":[11],"tags":[158,267,268,269,114,20,41,123],"class_list":["post-8725","post","type-post","status-publish","format-standard","has-post-thumbnail","hentry","category-noticias","tag-4pl","tag-4pl-costa-rica","tag-4pl-el-salvador","tag-4pl-guatemala","tag-costa-rica","tag-el-salvador","tag-guatemala","tag-transporte-de-carga"],"aioseo_notices":[],"_links":{"self":[{"href":"https:\/\/www.4plcr.net\/en\/wp-json\/wp\/v2\/posts\/8725","targetHints":{"allow":["GET"]}}],"collection":[{"href":"https:\/\/www.4plcr.net\/en\/wp-json\/wp\/v2\/posts"}],"about":[{"href":"https:\/\/www.4plcr.net\/en\/wp-json\/wp\/v2\/types\/post"}],"author":[{"embeddable":true,"href":"https:\/\/www.4plcr.net\/en\/wp-json\/wp\/v2\/users\/1"}],"replies":[{"embeddable":true,"href":"https:\/\/www.4plcr.net\/en\/wp-json\/wp\/v2\/comments?post=8725"}],"version-history":[{"count":0,"href":"https:\/\/www.4plcr.net\/en\/wp-json\/wp\/v2\/posts\/8725\/revisions"}],"wp:featuredmedia":[{"embeddable":true,"href":"https:\/\/www.4plcr.net\/en\/wp-json\/wp\/v2\/media\/8726"}],"wp:attachment":[{"href":"https:\/\/www.4plcr.net\/en\/wp-json\/wp\/v2\/media?parent=8725"}],"wp:term":[{"taxonomy":"category","embeddable":true,"href":"https:\/\/www.4plcr.net\/en\/wp-json\/wp\/v2\/categories?post=8725"},{"taxonomy":"post_tag","embeddable":true,"href":"https:\/\/www.4plcr.net\/en\/wp-json\/wp\/v2\/tags?post=8725"}],"curies":[{"name":"wp","href":"https:\/\/api.w.org\/{rel}","templated":true}]}}