{"id":8722,"date":"2023-03-02T13:01:25","date_gmt":"2023-03-02T19:01:25","guid":{"rendered":"https:\/\/www.4plcr.net\/?p=8722"},"modified":"2023-03-02T13:01:25","modified_gmt":"2023-03-02T19:01:25","slug":"air-france-incrementa-su-oferta-en-costa-rica-para-ofrecer-5-vuelos-a-la-semana-entre-san-jose-y-paris","status":"publish","type":"post","link":"https:\/\/www.4plcr.net\/en\/air-france-incrementa-su-oferta-en-costa-rica-para-ofrecer-5-vuelos-a-la-semana-entre-san-jose-y-paris\/","title":{"rendered":"AIR FRANCE INCREMENTA SU OFERTA EN COSTA RICA PARA OFRECER 5 VUELOS A LA SEMANA ENTRE SAN JOS\u00c9 Y PAR\u00cdS"},"content":{"rendered":"<p>Air France operar\u00e1 cinco vuelos a la semana entre el aeropuerto internacional Juan Santamar\u00eda de la ciudad de San Jos\u00e9 y el hub de Par\u00eds-Charles de Gaulle, en el avi\u00f3n m\u00e1s moderno de su flota, un Airbus 350.<\/p>\n\n\n\n<p>Desde que el pa\u00eds reabri\u00f3 sus fronteras cerradas por la pandemia y se restablecieron los vuelos comerciales, Air France reanud\u00f3 sus vuelos a Costa Rica. A medida que bajaban las restricciones y se incrementaba la demanda de viajes de pasajeros y transporte de carga entre Costa Rica y Europa, la compa\u00f1\u00eda fue aumentando sus vuelos hasta ofrecer los tres vuelos semanales que opera actualmente. Pr\u00f3ximamente, aumentar\u00e1 dos frecuencias para ofrecer 5 vuelos semanales entre San Jos\u00e9 y Par\u00eds, de diciembre a mayo de 2023.<\/p>\n\n\n\n<p>William Rodr\u00edguez, ministro de Turismo manifest\u00f3 que se trata de \u201cuna excelente noticia de cara al inicio de la temporada alta y al objetivo que nos hemos marcado de recuperar las cifras de visitaci\u00f3n previas a la pandemia antes de finalizar el a\u00f1o 2023\u201d.<\/p>\n\n\n\n<p>El jerarca de turismo agreg\u00f3 que el aumento de frecuencias de Air France coincide con la estacionalidad del mercado franc\u00e9s, cuyo mayor n\u00famero de llegadas ocurre entre enero y abril. \u201cEl anuncio es particularmente relevante, adem\u00e1s, dado que esta aerol\u00ednea es la preferida por aproximadamente la mitad de los turistas franceses que llegan a nuestro pa\u00eds\u201d, concluy\u00f3.<\/p>\n\n\n\n<p>Por su parte, Antoine Cros, gerente de Air France y KLM para Panam\u00e1, Centro Am\u00e9rica y Republica Dominicana, declar\u00f3: \u201cEstamos muy contentos de poder anunciar dos nuevas frecuencias de Air France a partir del 10 de diciembre. Gracias a estos vuelos adicionales superamos nuestra oferta de la prepandemia y cumplimos el sue\u00f1o de ofrecer cinco vuelos directos a la semana de Air France desde Costa Rica a Par\u00eds. Adem\u00e1s, es un orgullo que nuestros clientes puedan disfrutar de la experiencia de viajar en un Airbus 350, el avi\u00f3n m\u00e1s moderno y medioambientalmente eficiente de la flota de Air France, disponible en Costa Rica desde el 28 de junio de este a\u00f1o. A partir de diciembre, el grupo Air France KLM ofrecer\u00e1 al mercado tico 8 vuelos semanales a Europa v\u00eda Par\u00eds o \u00c1msterdam, y desde all\u00ed, conexiones a m\u00e1s de 120 destinos en Europa, \u00c1frica, Medio Oriente y Asia\u201d.<\/p>\n\n\n\n<p>Seg\u00fan los datos m\u00e1s recientes del ICT, entre enero y setiembre, m\u00e1s de 45 mil turistas franceses visitaron el pa\u00eds por la v\u00eda a\u00e9rea, consolidando a Francia como el tercer mercado emisor de turistas europeos hacia Costa Rica.<\/p>\n\n\n\n<p><strong>Para m\u00e1s informaci\u00f3n: <\/strong><a href=\"https:\/\/www.ict.go.cr\/es\/noticias-destacadas\/2124-air-france-incrementa-su-oferta-en-costa-rica-para-ofrecer-5-vuelos-a-la-semana-entre-san-jose-y-paris.html\" target=\"_blank\" rel=\"noreferrer noopener\">https:\/\/www.ict.go.cr\/es\/noticias-destacadas\/2124-air-france-incrementa-su-oferta-en-costa-rica-para-ofrecer-5-vuelos-a-la-semana-entre-san-jose-y-paris.html<\/a>\u00a0<\/p>","protected":false},"excerpt":{"rendered":"<p>Air France operar\u00e1 cinco vuelos a la semana entre el aeropuerto internacional Juan Santamar\u00eda de la ciudad de San Jos\u00e9 y el hub de Par\u00eds-Charles de Gaulle, en el avi\u00f3n m\u00e1s moderno de su flota, un Airbus 350. Desde que el pa\u00eds reabri\u00f3 sus fronteras cerradas por la pandemia y se restablecieron los vuelos comerciales, [&hellip;]<\/p>\n","protected":false},"author":1,"featured_media":8723,"comment_status":"open","ping_status":"open","sticky":false,"template":"","format":"standard","meta":{"footnotes":""},"categories":[11],"tags":[158,267,268,269,114,20,41,123],"class_list":["post-8722","post","type-post","status-publish","format-standard","has-post-thumbnail","hentry","category-noticias","tag-4pl","tag-4pl-costa-rica","tag-4pl-el-salvador","tag-4pl-guatemala","tag-costa-rica","tag-el-salvador","tag-guatemala","tag-transporte-de-carga"],"aioseo_notices":[],"_links":{"self":[{"href":"https:\/\/www.4plcr.net\/en\/wp-json\/wp\/v2\/posts\/8722","targetHints":{"allow":["GET"]}}],"collection":[{"href":"https:\/\/www.4plcr.net\/en\/wp-json\/wp\/v2\/posts"}],"about":[{"href":"https:\/\/www.4plcr.net\/en\/wp-json\/wp\/v2\/types\/post"}],"author":[{"embeddable":true,"href":"https:\/\/www.4plcr.net\/en\/wp-json\/wp\/v2\/users\/1"}],"replies":[{"embeddable":true,"href":"https:\/\/www.4plcr.net\/en\/wp-json\/wp\/v2\/comments?post=8722"}],"version-history":[{"count":0,"href":"https:\/\/www.4plcr.net\/en\/wp-json\/wp\/v2\/posts\/8722\/revisions"}],"wp:featuredmedia":[{"embeddable":true,"href":"https:\/\/www.4plcr.net\/en\/wp-json\/wp\/v2\/media\/8723"}],"wp:attachment":[{"href":"https:\/\/www.4plcr.net\/en\/wp-json\/wp\/v2\/media?parent=8722"}],"wp:term":[{"taxonomy":"category","embeddable":true,"href":"https:\/\/www.4plcr.net\/en\/wp-json\/wp\/v2\/categories?post=8722"},{"taxonomy":"post_tag","embeddable":true,"href":"https:\/\/www.4plcr.net\/en\/wp-json\/wp\/v2\/tags?post=8722"}],"curies":[{"name":"wp","href":"https:\/\/api.w.org\/{rel}","templated":true}]}}