{"id":8714,"date":"2023-02-28T18:04:35","date_gmt":"2023-03-01T00:04:35","guid":{"rendered":"https:\/\/www.4plcr.net\/?p=8714"},"modified":"2023-02-28T18:04:35","modified_gmt":"2023-03-01T00:04:35","slug":"tras-recibir-inversion-de-e25-millones-costa-rica-sumaria-diez-camiones-a-hidrogeno-en-2023","status":"publish","type":"post","link":"https:\/\/www.4plcr.net\/en\/tras-recibir-inversion-de-e25-millones-costa-rica-sumaria-diez-camiones-a-hidrogeno-en-2023\/","title":{"rendered":"Tras recibir inversi\u00f3n de \u20ac25 millones Costa Rica sumar\u00eda diez camiones a hidr\u00f3geno en 2023"},"content":{"rendered":"<p>En agosto de 2020 se dio a conocer que la Alianza por el Hidr\u00f3geno trabaja en un proyecto para la importaci\u00f3n de diez camiones de carga pesada a hidr\u00f3geno verde (H2) y la construcci\u00f3n de una planta de electr\u00f3lisis para generar la energ\u00eda.<\/p>\n\n\n\n<p>Despu\u00e9s de tres a\u00f1os de espera, Portal Movilidad dialoga con Juan Guillermo Murillo\u2013Chinchilla, director de programas y proyectos de la Fundaci\u00f3n Costa Rica-Estados Unidos para la Cooperaci\u00f3n (CRUSA), quien indica que \u201csi todo sale bien, se espera que la iniciativa comience a marchar durante el segundo semestre del 2023\u201d. Sin embargo, para que este plan sea una realidad, deber\u00e1 cumplirse una serie de pasos previos.<\/p>\n\n\n\n<p>El proyecto \u201cCamino a la Descarbonizaci\u00f3n: Impulsando la econom\u00eda del Hidr\u00f3geno en Costa Rica\u201d provoca la articulaci\u00f3n de cuatro actores (Grupo Purdy, Invermaster, Ad Astra Rocket Company Costa Rica y la Fundaci\u00f3n CRUSA) en la compa\u00f1\u00eda Hidr\u00f3geno Verde S.A., quien realiz\u00f3 la primera propuesta de la iniciativa.<\/p>\n\n\n\n<p>\u201cLa misma, que realizamos junto con la Sociedad Alemana para la Cooperaci\u00f3n Internacional (GIZ), hace un a\u00f1o recibi\u00f3 el visto bueno para iniciar el proceso de elaboraci\u00f3n del primer reporte detallado del plan, el cual presentamos a mediados de noviembre de 2022 ante el NAMA Facility\u201d, explica Murillo\u2013Chinchilla.<\/p>\n\n\n\n<p>Y agrega: \u201cEstamos a la espera de que nos den el visto bueno. En caso de una respuesta positiva, prepararemos la versi\u00f3n final, que deber\u00e1 presentarse en abril de 2023. Tendr\u00e1n un mes para aceptarlo y, entonces, comenzaremos a trabajar en \u00e9l. El clima es muy positivo y, si todo sale bien, tendremos la aprobaci\u00f3n por parte del donante de los 25 millones de euros hacia mayo de 2023\u201d.<\/p>\n\n\n\n<p>Vale mencionar que las negociaciones con los futuros usuarios de los camiones se encuentran avanzadas. Por otro lado, cabe recordar que en diciembre Costa Rica lanz\u00f3 la Estrategia Nacional para el hidr\u00f3geno verde, cuya primera meta estrat\u00e9gica consiste en el fomento y la demanda de hidr\u00f3geno verde, vinculada directamente al transporte, sobre todo al de carga pesada.<\/p>\n\n\n\n<p>Al respecto, el director de programas y proyectos comenta: \u201cLa Estrategia contempla contar con entre 500 y 900 veh\u00edculos de carga pesada a celdas de combustible de cara al 2050. Por lo tanto, la iniciativa encaja perfectamente porque estar\u00edamos aportando entre diez y 30 unidades, ya que sumaremos m\u00e1s de acuerdo a los avances del plan\u201d.&nbsp;<\/p>\n\n\n\n<p><strong>Para m\u00e1s informaci\u00f3n:<\/strong> <a href=\"https:\/\/portalmovilidad.com\/tras-recibir-inversion-de-e25-millones-costa-rica-sumaria-diez-camiones-a-hidrogeno-en-2023\/\" target=\"_blank\" rel=\"noreferrer noopener\">https:\/\/portalmovilidad.com\/tras-recibir-inversion-de-e25-millones-costa-rica-sumaria-diez-camiones-a-hidrogeno-en-2023\/<\/a>\u00a0<\/p>","protected":false},"excerpt":{"rendered":"<p>En agosto de 2020 se dio a conocer que la Alianza por el Hidr\u00f3geno trabaja en un proyecto para la importaci\u00f3n de diez camiones de carga pesada a hidr\u00f3geno verde (H2) y la construcci\u00f3n de una planta de electr\u00f3lisis para generar la energ\u00eda. Despu\u00e9s de tres a\u00f1os de espera, Portal Movilidad dialoga con Juan Guillermo [&hellip;]<\/p>\n","protected":false},"author":1,"featured_media":8715,"comment_status":"open","ping_status":"open","sticky":false,"template":"","format":"standard","meta":{"footnotes":""},"categories":[11],"tags":[158,267,268,269,114,20,41,123],"class_list":["post-8714","post","type-post","status-publish","format-standard","has-post-thumbnail","hentry","category-noticias","tag-4pl","tag-4pl-costa-rica","tag-4pl-el-salvador","tag-4pl-guatemala","tag-costa-rica","tag-el-salvador","tag-guatemala","tag-transporte-de-carga"],"aioseo_notices":[],"_links":{"self":[{"href":"https:\/\/www.4plcr.net\/en\/wp-json\/wp\/v2\/posts\/8714","targetHints":{"allow":["GET"]}}],"collection":[{"href":"https:\/\/www.4plcr.net\/en\/wp-json\/wp\/v2\/posts"}],"about":[{"href":"https:\/\/www.4plcr.net\/en\/wp-json\/wp\/v2\/types\/post"}],"author":[{"embeddable":true,"href":"https:\/\/www.4plcr.net\/en\/wp-json\/wp\/v2\/users\/1"}],"replies":[{"embeddable":true,"href":"https:\/\/www.4plcr.net\/en\/wp-json\/wp\/v2\/comments?post=8714"}],"version-history":[{"count":0,"href":"https:\/\/www.4plcr.net\/en\/wp-json\/wp\/v2\/posts\/8714\/revisions"}],"wp:featuredmedia":[{"embeddable":true,"href":"https:\/\/www.4plcr.net\/en\/wp-json\/wp\/v2\/media\/8715"}],"wp:attachment":[{"href":"https:\/\/www.4plcr.net\/en\/wp-json\/wp\/v2\/media?parent=8714"}],"wp:term":[{"taxonomy":"category","embeddable":true,"href":"https:\/\/www.4plcr.net\/en\/wp-json\/wp\/v2\/categories?post=8714"},{"taxonomy":"post_tag","embeddable":true,"href":"https:\/\/www.4plcr.net\/en\/wp-json\/wp\/v2\/tags?post=8714"}],"curies":[{"name":"wp","href":"https:\/\/api.w.org\/{rel}","templated":true}]}}