{"id":8702,"date":"2023-02-22T07:33:00","date_gmt":"2023-02-22T13:33:00","guid":{"rendered":"https:\/\/www.4plcr.net\/?p=8702"},"modified":"2023-02-22T07:33:00","modified_gmt":"2023-02-22T13:33:00","slug":"el-salvador-reitera-lucha-contra-la-corrupcion-lavado-de-dinero-y-financiamiento-del-terrorismo","status":"publish","type":"post","link":"https:\/\/www.4plcr.net\/en\/el-salvador-reitera-lucha-contra-la-corrupcion-lavado-de-dinero-y-financiamiento-del-terrorismo\/","title":{"rendered":"El Salvador reitera lucha contra la corrupci\u00f3n, lavado de dinero y financiamiento del terrorismo"},"content":{"rendered":"<p>El Vicepresidente F\u00e9lix Ulloa junto al Fiscal General de la Rep\u00fablica, Sr. Rodolfo Delgado, conversaron sobre los esfuerzos que se realizan desde el Gobierno de El Salvador para combatir el lavado de activos y el financiamiento del terrorismo.<\/p>\n\n\n\n<p>El Vicemandatario reiter\u00f3 que la lucha contra la corrupci\u00f3n, el lavado de dinero y el financiamiento del terrorismo es imperante para el Gobierno del Presidente Nayib Bukele, por tal motivo, la legislaci\u00f3n salvadore\u00f1a es clave para la erradicaci\u00f3n de estos il\u00edcitos.&nbsp; Adem\u00e1s, se\u00f1al\u00f3 que para superar el desaf\u00edo que esto implica, en el a\u00f1o 2021, El Salvador fue observador del Grupo de Acci\u00f3n Financiera de Latinoam\u00e9rica (GAFILAT) y en el 2022, se convirti\u00f3 en miembro.<\/p>\n\n\n\n<p>El Fiscal General aprovech\u00f3 el encuentro para reiterar el compromiso de la Fiscal\u00eda General de La Rep\u00fablica de El Salvador por investigar, perseguir el crimen y luchar contra la impunidad. Asimismo, coment\u00f3 que se ha castigado a aquellos que han lavado dinero o financiado a grupos terroristas.<\/p>\n\n\n\n<p>Por su parte, la Fiscal Adjunta de la Unidad de Investigaci\u00f3n Financiera (UIF), Sra. Ana Samayoa expres\u00f3 que, ante la GAFILAT y la comunidad internacional, El Salvador ha recibido comentarios positivos por la aprobaci\u00f3n de la Ley Bitcoin y la Ley de Emisi\u00f3n de Activos Digitales; las leyes salvadore\u00f1as toman en cuenta las 40 recomendaciones de GAFILAT para hacer un combate frontal al lavado de activos y financiamiento del terrorismo y garantizar un Gobierno con transparencia y firme en el combate de estos delitos.<\/p>\n\n\n\n<p>Por otro lado, la Fiscal Adjunta afirm\u00f3 que El Salvador recibir\u00e1 la visita de una delegaci\u00f3n del Grupo de Acci\u00f3n Financiera de Latinoam\u00e9rica \u2013 Gafilat e invit\u00f3 al Vicepresidente a sostener un encuentro con ellos.<\/p>\n\n\n\n<p>El Vicemandatario expuso su deseo de acompa\u00f1ar a la comisi\u00f3n, y destac\u00f3 que estas evaluaciones son importantes ya que, muestran a la comunidad internacional los avances del Gobierno de El Salvador en la erradicaci\u00f3n de estos cr\u00edmenes.<br><strong>Para m\u00e1s informaci\u00f3n: <\/strong><a href=\"https:\/\/revistasumma.com\/el-salvador-reitera-lucha-contra-la-corrupcion-lavado-de-dinero-y-financiamiento-del-terrorismo\/\" target=\"_blank\" rel=\"noreferrer noopener\">https:\/\/revistasumma.com\/el-salvador-reitera-lucha-contra-la-corrupcion-lavado-de-dinero-y-financiamiento-del-terrorismo\/<\/a><\/p>","protected":false},"excerpt":{"rendered":"<p>El Vicepresidente F\u00e9lix Ulloa junto al Fiscal General de la Rep\u00fablica, Sr. Rodolfo Delgado, conversaron sobre los esfuerzos que se realizan desde el Gobierno de El Salvador para combatir el lavado de activos y el financiamiento del terrorismo. El Vicemandatario reiter\u00f3 que la lucha contra la corrupci\u00f3n, el lavado de dinero y el financiamiento del [&hellip;]<\/p>\n","protected":false},"author":1,"featured_media":8703,"comment_status":"open","ping_status":"open","sticky":false,"template":"","format":"standard","meta":{"footnotes":""},"categories":[11],"tags":[158,267,268,269,114,20,41,123],"class_list":["post-8702","post","type-post","status-publish","format-standard","has-post-thumbnail","hentry","category-noticias","tag-4pl","tag-4pl-costa-rica","tag-4pl-el-salvador","tag-4pl-guatemala","tag-costa-rica","tag-el-salvador","tag-guatemala","tag-transporte-de-carga"],"aioseo_notices":[],"_links":{"self":[{"href":"https:\/\/www.4plcr.net\/en\/wp-json\/wp\/v2\/posts\/8702","targetHints":{"allow":["GET"]}}],"collection":[{"href":"https:\/\/www.4plcr.net\/en\/wp-json\/wp\/v2\/posts"}],"about":[{"href":"https:\/\/www.4plcr.net\/en\/wp-json\/wp\/v2\/types\/post"}],"author":[{"embeddable":true,"href":"https:\/\/www.4plcr.net\/en\/wp-json\/wp\/v2\/users\/1"}],"replies":[{"embeddable":true,"href":"https:\/\/www.4plcr.net\/en\/wp-json\/wp\/v2\/comments?post=8702"}],"version-history":[{"count":0,"href":"https:\/\/www.4plcr.net\/en\/wp-json\/wp\/v2\/posts\/8702\/revisions"}],"wp:featuredmedia":[{"embeddable":true,"href":"https:\/\/www.4plcr.net\/en\/wp-json\/wp\/v2\/media\/8703"}],"wp:attachment":[{"href":"https:\/\/www.4plcr.net\/en\/wp-json\/wp\/v2\/media?parent=8702"}],"wp:term":[{"taxonomy":"category","embeddable":true,"href":"https:\/\/www.4plcr.net\/en\/wp-json\/wp\/v2\/categories?post=8702"},{"taxonomy":"post_tag","embeddable":true,"href":"https:\/\/www.4plcr.net\/en\/wp-json\/wp\/v2\/tags?post=8702"}],"curies":[{"name":"wp","href":"https:\/\/api.w.org\/{rel}","templated":true}]}}