{"id":8692,"date":"2023-02-17T16:30:22","date_gmt":"2023-02-17T22:30:22","guid":{"rendered":"https:\/\/www.4plcr.net\/?p=8692"},"modified":"2023-02-17T16:30:22","modified_gmt":"2023-02-17T22:30:22","slug":"sector-farmaceutico-de-costa-rica-tiene-potencial-de-ampliar-exportaciones-hacia-ecuador","status":"publish","type":"post","link":"https:\/\/www.4plcr.net\/en\/sector-farmaceutico-de-costa-rica-tiene-potencial-de-ampliar-exportaciones-hacia-ecuador\/","title":{"rendered":"Sector farmac\u00e9utico de Costa Rica tiene potencial de ampliar exportaciones hacia Ecuador?"},"content":{"rendered":"<p>Los esfuerzos que est\u00e1 realizando el gobierno de Ecuador ante un nivel de desabastecimiento p\u00fablico de medicamentos, abre oportunidades para que el sector farmac\u00e9utico costarricense ampl\u00ede sus exportaciones a este mercado. Esto seg\u00fan el estudio \u201cOportunidades para productos farmac\u00e9uticos a Ecuador\u201d, realizado por la Promotora del Comercio Exterior de Costa Rica (PROCOMER).<\/p>\n\n\n\n<p>Seg\u00fan el estudio, aparte de este desabastecimiento, la creciente demanda y dependencia de medicamentos importados (66% son de origen extranjero y 34% local) plantea posibles oportunidades para productos costarricenses. El Acuerdo de Asociaci\u00f3n Comercial entre Costa Rica y Ecuador representa un potencial facilitador para consolidar, ampliar y generar nuevos negocios entre ambos pa\u00edses.<\/p>\n\n\n\n<p>Dentro de los segmentos con mayor oportunidad destacan: productos pedi\u00e1tricos debido a que las principales causas de mortalidad infantil (afecciones originadas en el periodo prenatal, malformaciones cong\u00e9nitas e influenza y neumon\u00eda), adem\u00e1s resaltan tratamientos cardiol\u00f3gicos, psiqui\u00e1tricos, oncol\u00f3gicos y diab\u00e9ticos para otros segmentos de la poblaci\u00f3n adulta. Estas representan las principales causas de muerte en los habitantes ecuatorianos.<\/p>\n\n\n\n<p>En Ecuador, los fabricantes de productos farmac\u00e9uticos se dedican principalmente a medicamentos gen\u00e9ricos que atienden enfermedades cardiovasculares, oncol\u00f3gicos, patolog\u00edas cr\u00f3nicas, entre otras, donde el sector p\u00fablico es el principal demandante.<\/p>\n\n\n\n<p>Marta Esquivel, directora de Planificaci\u00f3n e Inteligencia Comercial de PROCOMER, afirm\u00f3 que se pronostica que el gasto personal en salud en Ecuador aumente 4% entre el 2022 y el 2025, dado el resultado de la poca capacidad del sistema p\u00fablico de cubrir el requerimiento de medicamentos, de forma gratuita o subsidiada; lo que ha obligado a la poblaci\u00f3n a adquirir medicamentos e insumos m\u00e9dicos en el sector privado.<\/p>\n\n\n\n<p>El estudio destaca que Costa Rica cuenta con una oferta de medicamentos gen\u00e9ricos con experiencia exitosa en Ecuador, cuyo modelo de negocio ha sido por medio de representaci\u00f3n en el pa\u00eds. En el 2022, Costa Rica cuanta con 126 medicamentos registrados ante la Agencia Nacional de Regulaci\u00f3n, Control y Vigilancia Sanitaria (ARCSA).<\/p>\n\n\n\n<p>En materia regular\u00eda, es importante que los exportadores costarricenses tomen en consideraci\u00f3n el cumplimiento de los requisitos y regulaciones que establece Ecuador, as\u00ed como, que existe un precio m\u00e1ximo de venta al p\u00fablico que es fijado al principio activo de cada medicamento\u201d, explic\u00f3 Karolina Ram\u00edrez, analista econ\u00f3mico a cargo del estudio.<\/p>\n\n\n\n<p><strong>Para m\u00e1s informaci\u00f3n: <\/strong><a href=\"https:\/\/revistasumma.com\/sector-farmaceutico-de-costa-rica-tiene-potencial-de-ampliar-exportaciones-hacia-ecuador\/\" target=\"_blank\" rel=\"noreferrer noopener\">https:\/\/revistasumma.com\/sector-farmaceutico-de-costa-rica-tiene-potencial-de-ampliar-exportaciones-hacia-ecuador\/<\/a>\u00a0<\/p>","protected":false},"excerpt":{"rendered":"<p>Los esfuerzos que est\u00e1 realizando el gobierno de Ecuador ante un nivel de desabastecimiento p\u00fablico de medicamentos, abre oportunidades para que el sector farmac\u00e9utico costarricense ampl\u00ede sus exportaciones a este mercado. Esto seg\u00fan el estudio \u201cOportunidades para productos farmac\u00e9uticos a Ecuador\u201d, realizado por la Promotora del Comercio Exterior de Costa Rica (PROCOMER). Seg\u00fan el estudio, [&hellip;]<\/p>\n","protected":false},"author":1,"featured_media":8693,"comment_status":"open","ping_status":"open","sticky":false,"template":"","format":"standard","meta":{"footnotes":""},"categories":[11],"tags":[158,267,268,269,114,20,41,123],"class_list":["post-8692","post","type-post","status-publish","format-standard","has-post-thumbnail","hentry","category-noticias","tag-4pl","tag-4pl-costa-rica","tag-4pl-el-salvador","tag-4pl-guatemala","tag-costa-rica","tag-el-salvador","tag-guatemala","tag-transporte-de-carga"],"aioseo_notices":[],"_links":{"self":[{"href":"https:\/\/www.4plcr.net\/en\/wp-json\/wp\/v2\/posts\/8692","targetHints":{"allow":["GET"]}}],"collection":[{"href":"https:\/\/www.4plcr.net\/en\/wp-json\/wp\/v2\/posts"}],"about":[{"href":"https:\/\/www.4plcr.net\/en\/wp-json\/wp\/v2\/types\/post"}],"author":[{"embeddable":true,"href":"https:\/\/www.4plcr.net\/en\/wp-json\/wp\/v2\/users\/1"}],"replies":[{"embeddable":true,"href":"https:\/\/www.4plcr.net\/en\/wp-json\/wp\/v2\/comments?post=8692"}],"version-history":[{"count":0,"href":"https:\/\/www.4plcr.net\/en\/wp-json\/wp\/v2\/posts\/8692\/revisions"}],"wp:featuredmedia":[{"embeddable":true,"href":"https:\/\/www.4plcr.net\/en\/wp-json\/wp\/v2\/media\/8693"}],"wp:attachment":[{"href":"https:\/\/www.4plcr.net\/en\/wp-json\/wp\/v2\/media?parent=8692"}],"wp:term":[{"taxonomy":"category","embeddable":true,"href":"https:\/\/www.4plcr.net\/en\/wp-json\/wp\/v2\/categories?post=8692"},{"taxonomy":"post_tag","embeddable":true,"href":"https:\/\/www.4plcr.net\/en\/wp-json\/wp\/v2\/tags?post=8692"}],"curies":[{"name":"wp","href":"https:\/\/api.w.org\/{rel}","templated":true}]}}