{"id":8689,"date":"2023-02-16T16:17:42","date_gmt":"2023-02-16T22:17:42","guid":{"rendered":"https:\/\/www.4plcr.net\/?p=8689"},"modified":"2023-02-16T16:17:42","modified_gmt":"2023-02-16T22:17:42","slug":"el-salvador-comienza-negociaciones-para-tratado-de-libre-comercio-con-china","status":"publish","type":"post","link":"https:\/\/www.4plcr.net\/en\/el-salvador-comienza-negociaciones-para-tratado-de-libre-comercio-con-china\/","title":{"rendered":"El Salvador comienza negociaciones para Tratado de Libre Comercio con China"},"content":{"rendered":"<p>El Salvador y China han comenzado las negociaciones para firmar \u00ablo m\u00e1s pronto posible\u00bb un tratado de libre comercio, el cual \u00abtraer\u00e1 un abanico de oportunidades para las empresas salvadore\u00f1as\u00bb.&nbsp;<\/p>\n\n\n\n<p>As\u00ed lo anunciaron la noche de este mi\u00e9rcoles el presidente Nayib Bukele y la embajadora de China en el pa\u00eds, Ou Jianhong, durante un evento p\u00fablico de donaci\u00f3n de quintales de orina de trigo por parte del Gobierno del pa\u00eds asi\u00e1tico.<\/p>\n\n\n\n<p>\u00abChina y El Salvador manifiestan la buena voluntad de iniciar pronto el proceso de negociaciones del tratado de libre comercio (\u2026) este es otro fruto significativo de las cooperaciones econ\u00f3micas y comerciales bilaterales entre ambos pa\u00edses\u00bb, expres\u00f3 la embajadora Jianhong.<\/p>\n\n\n\n<p>Bukele, por su parte, se\u00f1al\u00f3 que el acuerdo comercial \u00abva a ser algo importante para El Salvador (porque) son esas oportunidades que no llegan todos los d\u00edas\u00bb.<\/p>\n\n\n\n<p>\u00abNo todos los d\u00edas se anuncia un tratado de libre comercio y mucho menos con una potencia econ\u00f3mica como China\u00bb, agreg\u00f3.<\/p>\n\n\n\n<p>El Salvador anunci\u00f3 el 20 de agosto de 2018 la ruptura de relaciones con Taiw\u00e1n para establecer lazos con China, cuando el pa\u00eds era gobernado por el izquierdista Salvador S\u00e1nchez Cer\u00e9n, del Frente Farabundo Mart\u00ed para la Liberaci\u00f3n Nacional (FMLN, izquierda), partido actualmente en la oposici\u00f3n.<\/p>\n\n\n\n<p>Recientemente, el vicepresidente salvadore\u00f1o, F\u00e9lix Ulloa, asegur\u00f3 en Madrid (Espa\u00f1a) que China se ha ofrecido a comprar la deuda extranjera del pa\u00eds centroamericano, seg\u00fan una publicaci\u00f3n de Bloomberg.<\/p>\n\n\n\n<p>No obstante, Ulloa dijo, tras la publicaci\u00f3n, que \u00abse hab\u00eda sacado de contexto\u00bb sus declaraciones. Mientras el titular del Ministerio de Hacienda, Alejandro Zelaya, se\u00f1al\u00f3 este mi\u00e9rcoles que \u00abdesconoce\u00bb que China haya ofrecido comprar la deuda externa del pa\u00eds.<\/p>\n\n\n\n<p>El Salvador tiene que pagar en enero de 2022 el vencimiento de eurobonos de 2023 que ascend\u00edan a 800 millones de d\u00f3lares, pero el Gobierno lanz\u00f3 una compra anticipada de su deuda y ahora el monto a pagar es de 670 millones de d\u00f3lares.<\/p>\n\n\n\n<p><strong>Para m\u00e1s informaci\u00f3n: <\/strong><a href=\"https:\/\/revistasumma.com\/el-salvador-comienza-negociaciones-para-tratado-de-libre-comercio-con-china\/\" target=\"_blank\" rel=\"noreferrer noopener\">https:\/\/revistasumma.com\/el-salvador-comienza-negociaciones-para-tratado-de-libre-comercio-con-china\/<\/a>\u00a0<\/p>","protected":false},"excerpt":{"rendered":"<p>El Salvador y China han comenzado las negociaciones para firmar \u00ablo m\u00e1s pronto posible\u00bb un tratado de libre comercio, el cual \u00abtraer\u00e1 un abanico de oportunidades para las empresas salvadore\u00f1as\u00bb.&nbsp; As\u00ed lo anunciaron la noche de este mi\u00e9rcoles el presidente Nayib Bukele y la embajadora de China en el pa\u00eds, Ou Jianhong, durante un evento [&hellip;]<\/p>\n","protected":false},"author":1,"featured_media":8690,"comment_status":"open","ping_status":"open","sticky":false,"template":"","format":"standard","meta":{"footnotes":""},"categories":[11],"tags":[158,267,268,269,114,20,41,387,419,123],"class_list":["post-8689","post","type-post","status-publish","format-standard","has-post-thumbnail","hentry","category-noticias","tag-4pl","tag-4pl-costa-rica","tag-4pl-el-salvador","tag-4pl-guatemala","tag-costa-rica","tag-el-salvador","tag-guatemala","tag-logistica","tag-logistica-internacional","tag-transporte-de-carga"],"aioseo_notices":[],"_links":{"self":[{"href":"https:\/\/www.4plcr.net\/en\/wp-json\/wp\/v2\/posts\/8689","targetHints":{"allow":["GET"]}}],"collection":[{"href":"https:\/\/www.4plcr.net\/en\/wp-json\/wp\/v2\/posts"}],"about":[{"href":"https:\/\/www.4plcr.net\/en\/wp-json\/wp\/v2\/types\/post"}],"author":[{"embeddable":true,"href":"https:\/\/www.4plcr.net\/en\/wp-json\/wp\/v2\/users\/1"}],"replies":[{"embeddable":true,"href":"https:\/\/www.4plcr.net\/en\/wp-json\/wp\/v2\/comments?post=8689"}],"version-history":[{"count":0,"href":"https:\/\/www.4plcr.net\/en\/wp-json\/wp\/v2\/posts\/8689\/revisions"}],"wp:featuredmedia":[{"embeddable":true,"href":"https:\/\/www.4plcr.net\/en\/wp-json\/wp\/v2\/media\/8690"}],"wp:attachment":[{"href":"https:\/\/www.4plcr.net\/en\/wp-json\/wp\/v2\/media?parent=8689"}],"wp:term":[{"taxonomy":"category","embeddable":true,"href":"https:\/\/www.4plcr.net\/en\/wp-json\/wp\/v2\/categories?post=8689"},{"taxonomy":"post_tag","embeddable":true,"href":"https:\/\/www.4plcr.net\/en\/wp-json\/wp\/v2\/tags?post=8689"}],"curies":[{"name":"wp","href":"https:\/\/api.w.org\/{rel}","templated":true}]}}