{"id":8685,"date":"2023-02-15T13:32:35","date_gmt":"2023-02-15T19:32:35","guid":{"rendered":"https:\/\/www.4plcr.net\/?p=8685"},"modified":"2023-02-15T13:32:35","modified_gmt":"2023-02-15T19:32:35","slug":"el-tren-de-carga-la-gran-oportunidad-para-aumentar-la-competitividad-logistica-terrestre","status":"publish","type":"post","link":"https:\/\/www.4plcr.net\/en\/el-tren-de-carga-la-gran-oportunidad-para-aumentar-la-competitividad-logistica-terrestre\/","title":{"rendered":"EL TREN DE CARGA. LA GRAN OPORTUNIDAD PARA AUMENTAR LA COMPETITIVIDAD LOG\u00cdSTICA TERRESTRE"},"content":{"rendered":"<p>La \u00faltima paralizaci\u00f3n protagonizada por gremios camioneros, reabri\u00f3 el debate p\u00fablico sobre la necesidad de fortalecer el sistema log\u00edstico multimodal a nivel nacional para evitar situaciones de desabastecimiento, a partir de una mayor inversi\u00f3n y participaci\u00f3n del modo ferroviario en el transporte de carga en el pa\u00eds.<\/p>\n\n\n\n<p>La discusi\u00f3n que se ha precipitado en los \u00faltimos meses, donde cobra relevancia el rol del tren de carga para potenciar el transporte y la productividad del pa\u00eds, no debe entenderse como un \u201cenfrentamiento entre el modo camionero o ferroviario\u201d. De hecho, diversos expertos han resaltado la importancia de \u201cdesanclar\u201d el debate ferroviario del tema del transporte de carga carretero, considerando que este \u00faltimo modo es de vital importancia en el esquema de abastecimiento nacional e internacional.<\/p>\n\n\n\n<p>En esta l\u00ednea, desde el Instituto Ferroviario de Chile han explicado que la propuesta de revitalizar y ampliar la participaci\u00f3n del modo ferroviario en el transporte de carga nacional no representa una dicotom\u00eda entre trenes o camiones, sino m\u00e1s bien una oportunidad para generar lo que se denominan redes multimodales o complementarias.<\/p>\n\n\n\n<p>Sin embargo, considerando los hechos recientes, no son pocos los que aseguran que ha quedado en evidencia la fragilidad de nuestro esquema de abastecimiento interno, dependiente del modo carretero de transporte de carga. Por eso, a nivel estrat\u00e9gico, el consenso apunta a fortalecer el transporte ferroviario como complemento al terrestre, sobre todo en t\u00e9rminos de movilizar carga.<\/p>\n\n\n\n<p>As\u00ed lo ha explicado el acad\u00e9mico de la U. Cat\u00f3lica de Valpara\u00edso y experto en transporte, Franco Basso, a medios nacionales, se\u00f1alando que \u201cen comparaci\u00f3n a los pa\u00edses de la OCDE\u201d, Chile est\u00e1 \u00abbastante retrasado\u00bb en ese aspecto.<\/p>\n\n\n\n<p>Cabe destacar que s\u00f3lo cerca del 5% de la carga nacional se transporta en tren, mientras en los pa\u00edses de la OCDE, los valores var\u00edan entre un 15% y un 30%, siendo Estados Unidos el que registra un mayor desarrollo del sistema de carga ferroviario. Chile se ubica dentro de los pa\u00edses de la OCDE que tienen la menor participaci\u00f3n del tren como modo para transportar carga, lo que abre una oportunidad para su desarrollo en este \u00e1mbito.<\/p>\n\n\n\n<p>En el Instituto de Estudios Urbanos UC, coinciden en que el tren en Chile tiene un potencial que no se est\u00e1 aprovechando a cabalidad y el caso del transporte de carga lo muestra bien, argumentando que existe bastante desproporci\u00f3n en ese sentido.&nbsp;<\/p>\n\n\n\n<p><strong>Para m\u00e1s informaci\u00f3n: <\/strong><a href=\"https:\/\/www.revistalogistec.com\/logistica\/transporte\/3046-el-tren-de-carga-la-gran-oportunidad-para-aumentar-la-competitividad-logistica-terrestre\" target=\"_blank\" rel=\"noreferrer noopener\">https:\/\/www.revistalogistec.com\/logistica\/transporte\/3046-el-tren-de-carga-la-gran-oportunidad-para-aumentar-la-competitividad-logistica-terrestre<\/a>&nbsp;<\/p>","protected":false},"excerpt":{"rendered":"<p>La \u00faltima paralizaci\u00f3n protagonizada por gremios camioneros, reabri\u00f3 el debate p\u00fablico sobre la necesidad de fortalecer el sistema log\u00edstico multimodal a nivel nacional para evitar situaciones de desabastecimiento, a partir de una mayor inversi\u00f3n y participaci\u00f3n del modo ferroviario en el transporte de carga en el pa\u00eds. La discusi\u00f3n que se ha precipitado en los [&hellip;]<\/p>\n","protected":false},"author":1,"featured_media":8686,"comment_status":"open","ping_status":"open","sticky":false,"template":"","format":"standard","meta":{"footnotes":""},"categories":[11],"tags":[158,267,268,269,114,20,41,387,419,123],"class_list":["post-8685","post","type-post","status-publish","format-standard","has-post-thumbnail","hentry","category-noticias","tag-4pl","tag-4pl-costa-rica","tag-4pl-el-salvador","tag-4pl-guatemala","tag-costa-rica","tag-el-salvador","tag-guatemala","tag-logistica","tag-logistica-internacional","tag-transporte-de-carga"],"aioseo_notices":[],"_links":{"self":[{"href":"https:\/\/www.4plcr.net\/en\/wp-json\/wp\/v2\/posts\/8685","targetHints":{"allow":["GET"]}}],"collection":[{"href":"https:\/\/www.4plcr.net\/en\/wp-json\/wp\/v2\/posts"}],"about":[{"href":"https:\/\/www.4plcr.net\/en\/wp-json\/wp\/v2\/types\/post"}],"author":[{"embeddable":true,"href":"https:\/\/www.4plcr.net\/en\/wp-json\/wp\/v2\/users\/1"}],"replies":[{"embeddable":true,"href":"https:\/\/www.4plcr.net\/en\/wp-json\/wp\/v2\/comments?post=8685"}],"version-history":[{"count":0,"href":"https:\/\/www.4plcr.net\/en\/wp-json\/wp\/v2\/posts\/8685\/revisions"}],"wp:featuredmedia":[{"embeddable":true,"href":"https:\/\/www.4plcr.net\/en\/wp-json\/wp\/v2\/media\/8686"}],"wp:attachment":[{"href":"https:\/\/www.4plcr.net\/en\/wp-json\/wp\/v2\/media?parent=8685"}],"wp:term":[{"taxonomy":"category","embeddable":true,"href":"https:\/\/www.4plcr.net\/en\/wp-json\/wp\/v2\/categories?post=8685"},{"taxonomy":"post_tag","embeddable":true,"href":"https:\/\/www.4plcr.net\/en\/wp-json\/wp\/v2\/tags?post=8685"}],"curies":[{"name":"wp","href":"https:\/\/api.w.org\/{rel}","templated":true}]}}