{"id":8677,"date":"2023-02-13T17:27:13","date_gmt":"2023-02-13T23:27:13","guid":{"rendered":"https:\/\/www.4plcr.net\/?p=8677"},"modified":"2023-02-13T17:27:13","modified_gmt":"2023-02-13T23:27:13","slug":"costa-rica-demuestra-su-capacidad-logistica-y-colaborativa-ante-repunte-economico","status":"publish","type":"post","link":"https:\/\/www.4plcr.net\/en\/costa-rica-demuestra-su-capacidad-logistica-y-colaborativa-ante-repunte-economico\/","title":{"rendered":"Costa Rica demuestra su capacidad log\u00edstica y colaborativa ante repunte econ\u00f3mico"},"content":{"rendered":"<p>Seg\u00fan datos de la Promotora de Comercio Exterior (Procomer) las exportaciones representaron US$11.683 millones en 2020, con el sector de dispositivos m\u00e9dicos como principal exportador; por su parte, las importaciones alcanzaron los US$15.872.385.272 millones el a\u00f1o anterior, y Estados Unidos como primer pa\u00eds de origen, de acuerdo con datos del Instituto Nacional de Estad\u00edstica y Censos (INEC). Las cifras anteriores indican el repunte econ\u00f3mico que present\u00f3 Costa Rica a pesar de estar en tiempo de pandemia, pero tambi\u00e9n demuestran su capacidad log\u00edstica y colaborativa.<\/p>\n\n\n\n<p>La posici\u00f3n geogr\u00e1fica de Costa Rica y sus salidas con los puertos en El Caribe y Pac\u00edfico la convierten en un pa\u00eds estrat\u00e9gico para el comercio internacional de importaci\u00f3n y exportaci\u00f3n de bienes, ya sea por v\u00eda a\u00e9rea, terrestre o mar\u00edtima. Sin embargo, el \u00cdndice de Desempe\u00f1o Log\u00edstico (LPI por sus siglas en ingl\u00e9s. 2018) elaborado por el Banco Mundial, ubica al pa\u00eds en la posici\u00f3n 79 por el rezago que tiene en aspectos como Aduanas, Infraestructura, Env\u00edos internacionales, Competencia de servicios log\u00edsticos, Seguimiento y rastreo y Puntualidad.<\/p>\n\n\n\n<p>En este contexto y como parte de las mejoras a lo largo de la cadena log\u00edstica nacional un factor clave en eficiencia y desempe\u00f1o del sector es la Seguridad. Los diferentes productos para exportaci\u00f3n o distribuci\u00f3n interna deben almacenarse y transportarse a los distintos puntos de entrega, convirti\u00e9ndose en productos cr\u00edticos por el valor econ\u00f3mico y comercial que representan para las empresas.<\/p>\n\n\n\n<p>\u201cEs importante destacar que aunque Costa Rica importa m\u00e1s de lo que exporta, la cadena log\u00edstica es la misma. Por eso, los operadores log\u00edsticos deben contar con la capacidad instalada para recibir altos vol\u00famenes de mercanc\u00edas y anticiparse a cualquier vulnerabilidad, ya que si alguno de los actores falla en su labor, la afectaci\u00f3n se dar\u00e1 en el resto de participantes del proceso de suministro\u201d, explic\u00f3 Mario Vargas, gerente General de EULEN Costa Rica- empresa que es parte de la multinacional de origen espa\u00f1ol Grupo EULEN.<\/p>\n\n\n\n<p>El impacto econ\u00f3mico producido por las medidas para contener la pandemia ha motivado que empresas de diversos rubros \u2014entre ellas de retail, consumo masivo y bienes duraderos\u2014 busquen c\u00f3mo generar ahorro en sus costos log\u00edsticos, a la vez que desean mejorar la eficiencia en sus procesos. Una forma de conseguir esos objetivos es arrendando almacenes y plataformas de distribuci\u00f3n.<\/p>\n\n\n\n<p><strong>Para m\u00e1s informaci\u00f3n:<\/strong> <a href=\"https:\/\/revistasumma.com\/costa-rica-demuestra-su-capacidad-logistica-y-colaborativa-ante-repunte-economico\/\" target=\"_blank\" rel=\"noreferrer noopener\">https:\/\/revistasumma.com\/costa-rica-demuestra-su-capacidad-logistica-y-colaborativa-ante-repunte-economico\/<\/a>\u00a0<\/p>","protected":false},"excerpt":{"rendered":"<p>Seg\u00fan datos de la Promotora de Comercio Exterior (Procomer) las exportaciones representaron US$11.683 millones en 2020, con el sector de dispositivos m\u00e9dicos como principal exportador; por su parte, las importaciones alcanzaron los US$15.872.385.272 millones el a\u00f1o anterior, y Estados Unidos como primer pa\u00eds de origen, de acuerdo con datos del Instituto Nacional de Estad\u00edstica y [&hellip;]<\/p>\n","protected":false},"author":1,"featured_media":7381,"comment_status":"open","ping_status":"open","sticky":false,"template":"","format":"standard","meta":{"footnotes":""},"categories":[11],"tags":[158,267,268,269,114,20,41,123],"class_list":["post-8677","post","type-post","status-publish","format-standard","has-post-thumbnail","hentry","category-noticias","tag-4pl","tag-4pl-costa-rica","tag-4pl-el-salvador","tag-4pl-guatemala","tag-costa-rica","tag-el-salvador","tag-guatemala","tag-transporte-de-carga"],"aioseo_notices":[],"_links":{"self":[{"href":"https:\/\/www.4plcr.net\/en\/wp-json\/wp\/v2\/posts\/8677","targetHints":{"allow":["GET"]}}],"collection":[{"href":"https:\/\/www.4plcr.net\/en\/wp-json\/wp\/v2\/posts"}],"about":[{"href":"https:\/\/www.4plcr.net\/en\/wp-json\/wp\/v2\/types\/post"}],"author":[{"embeddable":true,"href":"https:\/\/www.4plcr.net\/en\/wp-json\/wp\/v2\/users\/1"}],"replies":[{"embeddable":true,"href":"https:\/\/www.4plcr.net\/en\/wp-json\/wp\/v2\/comments?post=8677"}],"version-history":[{"count":0,"href":"https:\/\/www.4plcr.net\/en\/wp-json\/wp\/v2\/posts\/8677\/revisions"}],"wp:featuredmedia":[{"embeddable":true,"href":"https:\/\/www.4plcr.net\/en\/wp-json\/wp\/v2\/media\/7381"}],"wp:attachment":[{"href":"https:\/\/www.4plcr.net\/en\/wp-json\/wp\/v2\/media?parent=8677"}],"wp:term":[{"taxonomy":"category","embeddable":true,"href":"https:\/\/www.4plcr.net\/en\/wp-json\/wp\/v2\/categories?post=8677"},{"taxonomy":"post_tag","embeddable":true,"href":"https:\/\/www.4plcr.net\/en\/wp-json\/wp\/v2\/tags?post=8677"}],"curies":[{"name":"wp","href":"https:\/\/api.w.org\/{rel}","templated":true}]}}