{"id":8660,"date":"2023-02-03T16:45:38","date_gmt":"2023-02-03T22:45:38","guid":{"rendered":"https:\/\/www.4plcr.net\/?p=8660"},"modified":"2023-02-03T16:45:38","modified_gmt":"2023-02-03T22:45:38","slug":"en-que-consiste-el-plan-de-sustitucion-de-importaciones","status":"publish","type":"post","link":"https:\/\/www.4plcr.net\/en\/en-que-consiste-el-plan-de-sustitucion-de-importaciones\/","title":{"rendered":"En qu\u00e9 consiste el Plan de Sustituci\u00f3n de Importaciones?"},"content":{"rendered":"<p>El canciller mexicano Marcelo Ebrard dijo que el Plan de Sustituci\u00f3n de Importaciones busca reducir 25% la cantidad de mercanc\u00edas importadas por Estados Unidos, M\u00e9xico y Canad\u00e1 desde Asia, y producirlo en Norteam\u00e9rica.<\/p>\n\n\n\n<p>Adem\u00e1s, destac\u00f3 que dicho prop\u00f3sito podr\u00eda significar un crecimiento adicional para M\u00e9xico de 2 puntos porcentuales del Producto Interno Bruto (PIB).<\/p>\n\n\n\n<p>Durante una de las conferencias matutinas del presidente Andr\u00e9s Manuel L\u00f3pez Obrador en Palacio Nacional, el titular de la Secretar\u00eda de Relaciones Exteriores tambi\u00e9n abord\u00f3 el tema de la movilidad laboral por primera vez. Aclar\u00f3 que se est\u00e1 estableciendo un criterio entre los tres pa\u00edses.<\/p>\n\n\n\n<p>Ejemplific\u00f3 la situaci\u00f3n con el caso de Canad\u00e1, pues permite a un n\u00facleo de 37 mil familias un aumento en su nivel de vida al poder ir a trabajar temporalmente cada a\u00f1o a dicho pa\u00eds.<\/p>\n\n\n\n<p>Dicho acuerdo ocurri\u00f3 durante la Cumbre de Am\u00e9rica del Norte, celebrada por los presidentes Joe Biden, L\u00f3pez Obrador y el primer ministro Justin Trudeau, de Estados Unidos, M\u00e9xico y Canad\u00e1.<\/p>\n\n\n\n<p>Aseguraron que integrar\u00e1n un grupo de 12 especialistas para persuadir a empresarios, trabajadores y servidores p\u00fablicos de la \u201ctrascendencia de unir a Am\u00e9rica del Norte\u201d.<\/p>\n\n\n\n<p><strong>Para m\u00e1s informaci\u00f3n: <\/strong><a href=\"https:\/\/thelogisticsworld.com\/actualidad-logistica\/en-que-consiste-el-plan-de-sustitucion-de-importaciones\/\" target=\"_blank\" rel=\"noreferrer noopener\">https:\/\/thelogisticsworld.com\/actualidad-logistica\/en-que-consiste-el-plan-de-sustitucion-de-importaciones\/<\/a>\u00a0<\/p>","protected":false},"excerpt":{"rendered":"<p>El canciller mexicano Marcelo Ebrard dijo que el Plan de Sustituci\u00f3n de Importaciones busca reducir 25% la cantidad de mercanc\u00edas importadas por Estados Unidos, M\u00e9xico y Canad\u00e1 desde Asia, y producirlo en Norteam\u00e9rica. Adem\u00e1s, destac\u00f3 que dicho prop\u00f3sito podr\u00eda significar un crecimiento adicional para M\u00e9xico de 2 puntos porcentuales del Producto Interno Bruto (PIB). Durante [&hellip;]<\/p>\n","protected":false},"author":1,"featured_media":7899,"comment_status":"open","ping_status":"open","sticky":false,"template":"","format":"standard","meta":{"footnotes":""},"categories":[11],"tags":[158,267,268,269,114,20,41,387,123],"class_list":["post-8660","post","type-post","status-publish","format-standard","has-post-thumbnail","hentry","category-noticias","tag-4pl","tag-4pl-costa-rica","tag-4pl-el-salvador","tag-4pl-guatemala","tag-costa-rica","tag-el-salvador","tag-guatemala","tag-logistica","tag-transporte-de-carga"],"aioseo_notices":[],"_links":{"self":[{"href":"https:\/\/www.4plcr.net\/en\/wp-json\/wp\/v2\/posts\/8660","targetHints":{"allow":["GET"]}}],"collection":[{"href":"https:\/\/www.4plcr.net\/en\/wp-json\/wp\/v2\/posts"}],"about":[{"href":"https:\/\/www.4plcr.net\/en\/wp-json\/wp\/v2\/types\/post"}],"author":[{"embeddable":true,"href":"https:\/\/www.4plcr.net\/en\/wp-json\/wp\/v2\/users\/1"}],"replies":[{"embeddable":true,"href":"https:\/\/www.4plcr.net\/en\/wp-json\/wp\/v2\/comments?post=8660"}],"version-history":[{"count":0,"href":"https:\/\/www.4plcr.net\/en\/wp-json\/wp\/v2\/posts\/8660\/revisions"}],"wp:featuredmedia":[{"embeddable":true,"href":"https:\/\/www.4plcr.net\/en\/wp-json\/wp\/v2\/media\/7899"}],"wp:attachment":[{"href":"https:\/\/www.4plcr.net\/en\/wp-json\/wp\/v2\/media?parent=8660"}],"wp:term":[{"taxonomy":"category","embeddable":true,"href":"https:\/\/www.4plcr.net\/en\/wp-json\/wp\/v2\/categories?post=8660"},{"taxonomy":"post_tag","embeddable":true,"href":"https:\/\/www.4plcr.net\/en\/wp-json\/wp\/v2\/tags?post=8660"}],"curies":[{"name":"wp","href":"https:\/\/api.w.org\/{rel}","templated":true}]}}