{"id":8653,"date":"2023-02-01T15:03:49","date_gmt":"2023-02-01T21:03:49","guid":{"rendered":"https:\/\/www.4plcr.net\/?p=8653"},"modified":"2023-02-01T15:03:49","modified_gmt":"2023-02-01T21:03:49","slug":"problemas-de-suministro-el-mayor-reto-comercial-para-las-empresas-en-2023","status":"publish","type":"post","link":"https:\/\/www.4plcr.net\/en\/problemas-de-suministro-el-mayor-reto-comercial-para-las-empresas-en-2023\/","title":{"rendered":"Problemas de suministro, el mayor reto comercial para las empresas en 2023 \u00a0"},"content":{"rendered":"<p>Las empresas consideran que la mayor amenaza para el comercio mundial en 2023 ser\u00e1n los problemas en las cadenas de suministro globales. La crisis sanitaria por el Covid-19 y el conflicto b\u00e9lico entre Rusia y Ucrania son los principales motivos que causar\u00e1n tal problema.<\/p>\n\n\n\n<p>As\u00ed lo se\u00f1ala una encuesta elaborada por Eurochambres entre sus miembros (c\u00e1maras de comercio europeas) y organizaciones de promoci\u00f3n del comercio de Estados Unidos, China, Reino Unido, Corea, Singapur, Australia, Asia-Pac\u00edfico y el Golfo.<\/p>\n\n\n\n<p>El informe de la Asociaci\u00f3n de C\u00e1maras de Comercio e Industria Europeas sostiene que son muchos los factores que ponen en peligro el flujo necesario de bienes y servicios mediante las fronteras internacionales.<\/p>\n\n\n\n<p>Los encuestados tambi\u00e9n perciben como amenazas el uso del comercio como arma pol\u00edtica, la incapacidad para encontrar soluciones multilaterales y el aumento del proteccionismo, principal preocupaci\u00f3n en Estados Unidos y China.<\/p>\n\n\n\n<p>Una de las soluciones que las empresas proponen antes esa situaci\u00f3n es usar el sistema comercial internacional. Tambi\u00e9n solicitan a los gobiernos incentivos en forma de subsidios o bonificaciones fiscales para que las cadenas de suministro se instalen en el propio pa\u00eds o m\u00e1s cerca del mismo.<\/p>\n\n\n\n<p>El prop\u00f3sito de esa \u00faltima propuesta es diversificarlas. Asimismo, creen que es fundamental alg\u00fan tipo de pol\u00edtica p\u00fablica para garantizar la seguridad de los suministros, a\u00f1adi\u00f3 el reporte.<\/p>\n\n\n\n<p>La comunidad empresarial predice un a\u00f1o dif\u00edcil en cuanto a la econom\u00eda global, por los temas ya mencionados, adem\u00e1s de los problemas que se observaron desde el a\u00f1o pasado en el mercado energ\u00e9tico.<\/p>\n\n\n\n<p>Muchas compa\u00f1\u00edas proyectan una ca\u00edda en la confianza empresarial en su regi\u00f3n e identifican las tensiones geopol\u00edticas y la inflaci\u00f3n como los principales retos en 2023. Tambi\u00e9n mencionaron el endurecimiento de las condiciones de financiaci\u00f3n, los problemas de suministro y la seguridad energ\u00e9tica.<\/p>\n\n\n\n<p><strong>Para m\u00e1s informaci\u00f3n: <\/strong><a href=\"https:\/\/thelogisticsworld.com\/actualidad-logistica\/problemas-de-suministro-el-mayor-reto-comercial-para-las-empresas-en-2023\/\" target=\"_blank\" rel=\"noreferrer noopener\">https:\/\/thelogisticsworld.com\/actualidad-logistica\/problemas-de-suministro-el-mayor-reto-comercial-para-las-empresas-en-2023\/<\/a>\u00a0<\/p>","protected":false},"excerpt":{"rendered":"<p>Las empresas consideran que la mayor amenaza para el comercio mundial en 2023 ser\u00e1n los problemas en las cadenas de suministro globales. La crisis sanitaria por el Covid-19 y el conflicto b\u00e9lico entre Rusia y Ucrania son los principales motivos que causar\u00e1n tal problema. As\u00ed lo se\u00f1ala una encuesta elaborada por Eurochambres entre sus miembros [&hellip;]<\/p>\n","protected":false},"author":1,"featured_media":8654,"comment_status":"open","ping_status":"open","sticky":false,"template":"","format":"standard","meta":{"footnotes":""},"categories":[11],"tags":[158,267,268,269,114,20,41,387,123],"class_list":["post-8653","post","type-post","status-publish","format-standard","has-post-thumbnail","hentry","category-noticias","tag-4pl","tag-4pl-costa-rica","tag-4pl-el-salvador","tag-4pl-guatemala","tag-costa-rica","tag-el-salvador","tag-guatemala","tag-logistica","tag-transporte-de-carga"],"aioseo_notices":[],"_links":{"self":[{"href":"https:\/\/www.4plcr.net\/en\/wp-json\/wp\/v2\/posts\/8653","targetHints":{"allow":["GET"]}}],"collection":[{"href":"https:\/\/www.4plcr.net\/en\/wp-json\/wp\/v2\/posts"}],"about":[{"href":"https:\/\/www.4plcr.net\/en\/wp-json\/wp\/v2\/types\/post"}],"author":[{"embeddable":true,"href":"https:\/\/www.4plcr.net\/en\/wp-json\/wp\/v2\/users\/1"}],"replies":[{"embeddable":true,"href":"https:\/\/www.4plcr.net\/en\/wp-json\/wp\/v2\/comments?post=8653"}],"version-history":[{"count":0,"href":"https:\/\/www.4plcr.net\/en\/wp-json\/wp\/v2\/posts\/8653\/revisions"}],"wp:featuredmedia":[{"embeddable":true,"href":"https:\/\/www.4plcr.net\/en\/wp-json\/wp\/v2\/media\/8654"}],"wp:attachment":[{"href":"https:\/\/www.4plcr.net\/en\/wp-json\/wp\/v2\/media?parent=8653"}],"wp:term":[{"taxonomy":"category","embeddable":true,"href":"https:\/\/www.4plcr.net\/en\/wp-json\/wp\/v2\/categories?post=8653"},{"taxonomy":"post_tag","embeddable":true,"href":"https:\/\/www.4plcr.net\/en\/wp-json\/wp\/v2\/tags?post=8653"}],"curies":[{"name":"wp","href":"https:\/\/api.w.org\/{rel}","templated":true}]}}