{"id":8616,"date":"2023-01-19T16:24:11","date_gmt":"2023-01-19T22:24:11","guid":{"rendered":"https:\/\/www.4plcr.net\/?p=8616"},"modified":"2023-01-19T16:24:11","modified_gmt":"2023-01-19T22:24:11","slug":"se-abordo-en-chile-un-seminario-sobre-seguridad-en-la-cadena-de-suministro-internacional","status":"publish","type":"post","link":"https:\/\/www.4plcr.net\/en\/se-abordo-en-chile-un-seminario-sobre-seguridad-en-la-cadena-de-suministro-internacional\/","title":{"rendered":"Se abord\u00f3 en Chile un seminario sobre seguridad en la cadena de suministro internacional"},"content":{"rendered":"<p>El Servicio Nacional de Aduanas de Chile inform\u00f3 que se desarroll\u00f3 el Taller sobre Fortalecimiento de la Seguridad en la Cadena de Suministro Internacional, impartido por expertos de la secretar\u00eda del Comit\u00e9 Interamericano contra el Terrorismo de la Organizaci\u00f3n de los Estados Americanos (CICTE\/OEA).&nbsp;<\/p>\n\n\n\n<p>El taller tuvo el objetivo de fortalecer la relaci\u00f3n p\u00fablico-privada y el involucramiento del sector privado en la tarea de garantizar la seguridad de la cadena de suministro, precisa el comunicado difundido el viernes (13.01.2023).<\/p>\n\n\n\n<p>La bienvenida estuvo a cargo de la Directora Nacional de Aduanas, Alejandra Arriaza Loeb, quien agradeci\u00f3 la presencia de las empresas que aceptaron la invitaci\u00f3n. Tras ello, la autoridad aduanera explic\u00f3 que \u201cel combate contra el crimen organizado y el comercio il\u00edcito requiere que la empresa privada y el sector p\u00fablico tengan instancias permanentes para compartir experiencias y tener claros los lineamientos internacionales que hoy pueden asegurar la cadena log\u00edstica\u201d.<\/p>\n\n\n\n<p>As\u00ed, el taller cont\u00f3 con la exposici\u00f3n de diferentes expertos internacionales en la materia como Marcelo Mart\u00ednez, Gerente del programa de la Seguridad en la cadena de suministros de CICTE\/OEA; Lisbeth Laurie, Gerente del programa de Protecci\u00f3n Mar\u00edtima y Portuaria CICTE\/OEA; Bernardo Berr\u00edos, Consultor en comercio exterior; Andr\u00e9 Luiz Olivera Trajano, auditor fiscal OEA Brasil; Diego Castillo, consultor de&nbsp; World BASC Organization; Marcelo Cortez, funcionario de la Administraci\u00f3n de Aduana de Los Andes y la encargada del programa OEA de la Aduana chilena, Magdalena Oblitas.<\/p>\n\n\n\n<p>En&nbsp; las jornadas participaron representantes del sector importador y exportador de las Regiones de Antofagasta, Metropolitana, Biob\u00edo, Maule y O\u2019Higgins; y de los sectores minero, vitivin\u00edcola, farmac\u00e9utico, agr\u00edcola y pesquero, entre otros.<\/p>\n\n\n\n<p>Durante la capacitaci\u00f3n, los asistentes pudieron conocer en detalle qu\u00e9 es el programa OEA y por qu\u00e9 es una herramienta crucial en materia de seguridad; cu\u00e1les son los principales retos del comercio il\u00edcito en Am\u00e9rica Latina, enfoc\u00e1ndose en la importancia de adoptar pr\u00e1cticas de gesti\u00f3n de riesgos y de seguridad de carga y contenedores y c\u00f3mo esto impacta en la cadena de suministro internacional. Adem\u00e1s, se realizaron&nbsp; diferentes ejercicios pr\u00e1cticos que permitieron a los asistentes conocer metodolog\u00edas de trabajo que podr\u00e1n implementar en sus empresas.<\/p>\n\n\n\n<p><strong>Para m\u00e1s informaci\u00f3n: <\/strong><a href=\"https:\/\/aduananews.com\/se-impartio-un-seminario-sobre-seguridad-en-la-cadena-de-suministro-internacional-en-chile\/\" target=\"_blank\" rel=\"noreferrer noopener\">https:\/\/aduananews.com\/se-impartio-un-seminario-sobre-seguridad-en-la-cadena-de-suministro-internacional-en-chile\/<\/a>\u00a0<\/p>","protected":false},"excerpt":{"rendered":"<p>El Servicio Nacional de Aduanas de Chile inform\u00f3 que se desarroll\u00f3 el Taller sobre Fortalecimiento de la Seguridad en la Cadena de Suministro Internacional, impartido por expertos de la secretar\u00eda del Comit\u00e9 Interamericano contra el Terrorismo de la Organizaci\u00f3n de los Estados Americanos (CICTE\/OEA).&nbsp; El taller tuvo el objetivo de fortalecer la relaci\u00f3n p\u00fablico-privada y [&hellip;]<\/p>\n","protected":false},"author":1,"featured_media":8617,"comment_status":"open","ping_status":"open","sticky":false,"template":"","format":"standard","meta":{"footnotes":""},"categories":[11],"tags":[158,267,268,269,114,20,41,387,123],"class_list":["post-8616","post","type-post","status-publish","format-standard","has-post-thumbnail","hentry","category-noticias","tag-4pl","tag-4pl-costa-rica","tag-4pl-el-salvador","tag-4pl-guatemala","tag-costa-rica","tag-el-salvador","tag-guatemala","tag-logistica","tag-transporte-de-carga"],"aioseo_notices":[],"_links":{"self":[{"href":"https:\/\/www.4plcr.net\/en\/wp-json\/wp\/v2\/posts\/8616","targetHints":{"allow":["GET"]}}],"collection":[{"href":"https:\/\/www.4plcr.net\/en\/wp-json\/wp\/v2\/posts"}],"about":[{"href":"https:\/\/www.4plcr.net\/en\/wp-json\/wp\/v2\/types\/post"}],"author":[{"embeddable":true,"href":"https:\/\/www.4plcr.net\/en\/wp-json\/wp\/v2\/users\/1"}],"replies":[{"embeddable":true,"href":"https:\/\/www.4plcr.net\/en\/wp-json\/wp\/v2\/comments?post=8616"}],"version-history":[{"count":0,"href":"https:\/\/www.4plcr.net\/en\/wp-json\/wp\/v2\/posts\/8616\/revisions"}],"wp:featuredmedia":[{"embeddable":true,"href":"https:\/\/www.4plcr.net\/en\/wp-json\/wp\/v2\/media\/8617"}],"wp:attachment":[{"href":"https:\/\/www.4plcr.net\/en\/wp-json\/wp\/v2\/media?parent=8616"}],"wp:term":[{"taxonomy":"category","embeddable":true,"href":"https:\/\/www.4plcr.net\/en\/wp-json\/wp\/v2\/categories?post=8616"},{"taxonomy":"post_tag","embeddable":true,"href":"https:\/\/www.4plcr.net\/en\/wp-json\/wp\/v2\/tags?post=8616"}],"curies":[{"name":"wp","href":"https:\/\/api.w.org\/{rel}","templated":true}]}}