{"id":8585,"date":"2023-01-10T18:48:36","date_gmt":"2023-01-11T00:48:36","guid":{"rendered":"https:\/\/www.4plcr.net\/?p=8585"},"modified":"2023-01-10T18:48:36","modified_gmt":"2023-01-11T00:48:36","slug":"gobierno-de-colombia-propone-un-impuesto-de-40-a-las-importaciones-de-ropa","status":"publish","type":"post","link":"https:\/\/www.4plcr.net\/en\/gobierno-de-colombia-propone-un-impuesto-de-40-a-las-importaciones-de-ropa\/","title":{"rendered":"Gobierno de Colombia propone un impuesto de 40% a las importaciones de ropa"},"content":{"rendered":"<p>La propuesta tiene la finalidad de modificar el arancel para la importaci\u00f3n de confecci\u00f3n a Colombia y busca fijar este porcentaje de impuesto a \u201ccualquier origen de naci\u00f3n m\u00e1s favorecida para los productos clasificados en los cap\u00edtulos 61 y 62 del Arancel de Aduanas Nacional\u201d.<\/p>\n\n\n\n<p>El borrador fue presentaron por el Ministerio de Hacienda, junto con la cartera de Comercio, Industria y Turismo, con el apoyo del presidente Gustavo Petro. El gobierno nacional indic\u00f3 que la propuesta se\u00f1alando que la finalidad es impulsar la industria de confecci\u00f3n nacional.<\/p>\n\n\n\n<p>Actualmente el arancel var\u00eda entre 15 y 40% dependiendo del precio por kilo. La nueva propuesta ser\u00eda que fuera una \u00fanica tarifa, sin distinciones. El documento aclara que los aranceles a los que se refiere este decreto no modificar\u00e1n ning\u00fan programa de desgravaci\u00f3n preferencial vigente en el pa\u00eds, seg\u00fan una publicaci\u00f3n del peri\u00f3dico La Rep\u00fablica.&nbsp;<br><strong>Para m\u00e1s informaci\u00f3n:<\/strong><a href=\"https:\/\/thelogisticsworld.com\/actualidad-logistica\/gobierno-de-colombia-propone-un-impuesto-de-40-a-las-importaciones-de-ropa\/\">https:\/\/thelogisticsworld.com\/actualidad-logistica\/gobierno-de-colombia-propone-un-impuesto-de-40-a-las-importaciones-de-ropa\/<\/a><\/p>","protected":false},"excerpt":{"rendered":"<p>La propuesta tiene la finalidad de modificar el arancel para la importaci\u00f3n de confecci\u00f3n a Colombia y busca fijar este porcentaje de impuesto a \u201ccualquier origen de naci\u00f3n m\u00e1s favorecida para los productos clasificados en los cap\u00edtulos 61 y 62 del Arancel de Aduanas Nacional\u201d. El borrador fue presentaron por el Ministerio de Hacienda, junto [&hellip;]<\/p>\n","protected":false},"author":1,"featured_media":8586,"comment_status":"open","ping_status":"open","sticky":false,"template":"","format":"standard","meta":{"footnotes":""},"categories":[11],"tags":[158,267,268,269,114,20,41,387,123],"class_list":["post-8585","post","type-post","status-publish","format-standard","has-post-thumbnail","hentry","category-noticias","tag-4pl","tag-4pl-costa-rica","tag-4pl-el-salvador","tag-4pl-guatemala","tag-costa-rica","tag-el-salvador","tag-guatemala","tag-logistica","tag-transporte-de-carga"],"aioseo_notices":[],"_links":{"self":[{"href":"https:\/\/www.4plcr.net\/en\/wp-json\/wp\/v2\/posts\/8585","targetHints":{"allow":["GET"]}}],"collection":[{"href":"https:\/\/www.4plcr.net\/en\/wp-json\/wp\/v2\/posts"}],"about":[{"href":"https:\/\/www.4plcr.net\/en\/wp-json\/wp\/v2\/types\/post"}],"author":[{"embeddable":true,"href":"https:\/\/www.4plcr.net\/en\/wp-json\/wp\/v2\/users\/1"}],"replies":[{"embeddable":true,"href":"https:\/\/www.4plcr.net\/en\/wp-json\/wp\/v2\/comments?post=8585"}],"version-history":[{"count":0,"href":"https:\/\/www.4plcr.net\/en\/wp-json\/wp\/v2\/posts\/8585\/revisions"}],"wp:featuredmedia":[{"embeddable":true,"href":"https:\/\/www.4plcr.net\/en\/wp-json\/wp\/v2\/media\/8586"}],"wp:attachment":[{"href":"https:\/\/www.4plcr.net\/en\/wp-json\/wp\/v2\/media?parent=8585"}],"wp:term":[{"taxonomy":"category","embeddable":true,"href":"https:\/\/www.4plcr.net\/en\/wp-json\/wp\/v2\/categories?post=8585"},{"taxonomy":"post_tag","embeddable":true,"href":"https:\/\/www.4plcr.net\/en\/wp-json\/wp\/v2\/tags?post=8585"}],"curies":[{"name":"wp","href":"https:\/\/api.w.org\/{rel}","templated":true}]}}