{"id":8569,"date":"2022-12-28T16:23:23","date_gmt":"2022-12-28T22:23:23","guid":{"rendered":"https:\/\/www.4plcr.net\/?p=8569"},"modified":"2022-12-28T16:23:23","modified_gmt":"2022-12-28T22:23:23","slug":"mejorar-la-conexion-con-el-transporte-publico-e-impulsar-programas-turisticos-iniciativas-sugeridas-para-ganar-usuarios-en-la-aerovia","status":"publish","type":"post","link":"https:\/\/www.4plcr.net\/en\/mejorar-la-conexion-con-el-transporte-publico-e-impulsar-programas-turisticos-iniciativas-sugeridas-para-ganar-usuarios-en-la-aerovia\/","title":{"rendered":"Mejorar la conexi\u00f3n con el transporte p\u00fablico e impulsar programas tur\u00edsticos, iniciativas sugeridas para ganar usuarios en la Aerov\u00eda"},"content":{"rendered":"<p>Al menos una vez por semana Paola Delgado viaja de Guayaquil a Dur\u00e1n a trav\u00e9s de la Aerov\u00eda para visitar a su madre, Fanny Rodr\u00edguez, quien vive en la ciudadela Primavera 2 de este \u00faltimo cant\u00f3n. Prefiere este medio de transporte alternativo por ahorro de tiempo y seguridad.<\/p>\n\n\n\n<p>Desde la parada parque Centenario, en las avenidas 9 de Octubre y Quito, centro de la urbe porte\u00f1a, hasta la terminal de Dur\u00e1n, en la ciudadela Abel Gilbert, el trayecto toma 20 minutos por reloj, lapso que puede ser mayor si se traslada en bus en la denominada hora pico, sostiene la mujer. \u201cPrefiero la Aerov\u00eda. Ya esos buses hace rato que no conozco las rutas (&#8230;), es m\u00e1s r\u00e1pido, menos tr\u00e1fico, o sea, no hay tr\u00e1fico m\u00e1s bien, no hay aglomeraciones y me puedo sacar la mascarilla. Para m\u00ed es m\u00e1s r\u00e1pido\u201d, comenta Delgado, quien al llegar a Dur\u00e1n toma, en el sector del malec\u00f3n, la ruta 4B que la lleva hasta la Primavera 2.<\/p>\n\n\n\n<p>Al abordar cada una de las cuatro rutas de alimentadores que conectan con la Aerov\u00eda en Dur\u00e1n (seg\u00fan consta en una infograf\u00eda que est\u00e1 en la parada), los usuarios deben pasar la tarjeta de dicho sistema por un lector que hay en los buses y entonces sin pagar dinero adicional van desde la estaci\u00f3n hacia cualquiera de los destinos contemplados en los circuitos dise\u00f1ados. Seg\u00fan esa informaci\u00f3n, las rutas son 1A-Elsa, 1B-Orama, 5A-Delia y 4B-Recreo.<\/p>\n\n\n\n<p>Entre las cuatro abarcan los siguientes sectores: Abel Gilbert 1, 2 y 3; centro de Dur\u00e1n, Ferroviaria 1 y 3; Primavera 1 y 2; Democr\u00e1tica Norte; Democr\u00e1tica Sur; Elsa Bucaram; Cerro Redondo; 28 de Agosto; Los Rosales; ciudadela H\u00e9ctor Cobos; Alberto Maldonado; R\u00edo Guayas; Los Helechos; Las Terrazas; Panorama; Brisas de Santay; Una Sola Fuerza, Terminal Terrestre; av. Nicol\u00e1s Lapentti; El Recreo (5 etapas) y San Enrique.<\/p>\n\n\n\n<p>Cuando los pasajeros abordan esos buses en el sitio de origen para dirigirse a la estaci\u00f3n de la Aerov\u00eda, al pasar la tarjeta por el lector de cada unidad se les descuenta $ 0,70 que es el costo del viaje completo en las cabinas aerosuspendidas, por un solo sentido. Pedro T\u00faa, de 70 a\u00f1os, vive en la manzana 53 de la ciudadela Abel Gilbert 3 y viaja de dos a cuatro veces por semana a Guayaquil en Aerov\u00eda. \u00c9l cree que en el Puerto Principal hace falta un sistema de rutas alimentadoras similares a las de Dur\u00e1n, para no pagar pasaje en el bus urbano o en la Metrov\u00eda.<\/p>\n\n\n\n<p><strong>Para m\u00e1s informaci\u00f3n: <\/strong><a href=\"https:\/\/www.eluniverso.com\/guayaquil\/comunidad\/mejorar-la-conexion-con-el-transporte-publico-e-impulsar-programas-turisticos-iniciativas-sugeridas-para-ganar-usuarios-en-la-aerovia-nota\/\" target=\"_blank\" rel=\"noreferrer noopener\">https:\/\/www.eluniverso.com\/guayaquil\/comunidad\/mejorar-la-conexion-con-el-transporte-publico-e-impulsar-programas-turisticos-iniciativas-sugeridas-para-ganar-usuarios-en-la-aerovia-nota\/<\/a>\u00a0<\/p>","protected":false},"excerpt":{"rendered":"<p>Al menos una vez por semana Paola Delgado viaja de Guayaquil a Dur\u00e1n a trav\u00e9s de la Aerov\u00eda para visitar a su madre, Fanny Rodr\u00edguez, quien vive en la ciudadela Primavera 2 de este \u00faltimo cant\u00f3n. Prefiere este medio de transporte alternativo por ahorro de tiempo y seguridad. Desde la parada parque Centenario, en las [&hellip;]<\/p>\n","protected":false},"author":1,"featured_media":8570,"comment_status":"open","ping_status":"open","sticky":false,"template":"","format":"standard","meta":{"footnotes":""},"categories":[11],"tags":[158,267,268,269,114,20,41,123],"class_list":["post-8569","post","type-post","status-publish","format-standard","has-post-thumbnail","hentry","category-noticias","tag-4pl","tag-4pl-costa-rica","tag-4pl-el-salvador","tag-4pl-guatemala","tag-costa-rica","tag-el-salvador","tag-guatemala","tag-transporte-de-carga"],"aioseo_notices":[],"_links":{"self":[{"href":"https:\/\/www.4plcr.net\/en\/wp-json\/wp\/v2\/posts\/8569","targetHints":{"allow":["GET"]}}],"collection":[{"href":"https:\/\/www.4plcr.net\/en\/wp-json\/wp\/v2\/posts"}],"about":[{"href":"https:\/\/www.4plcr.net\/en\/wp-json\/wp\/v2\/types\/post"}],"author":[{"embeddable":true,"href":"https:\/\/www.4plcr.net\/en\/wp-json\/wp\/v2\/users\/1"}],"replies":[{"embeddable":true,"href":"https:\/\/www.4plcr.net\/en\/wp-json\/wp\/v2\/comments?post=8569"}],"version-history":[{"count":0,"href":"https:\/\/www.4plcr.net\/en\/wp-json\/wp\/v2\/posts\/8569\/revisions"}],"wp:featuredmedia":[{"embeddable":true,"href":"https:\/\/www.4plcr.net\/en\/wp-json\/wp\/v2\/media\/8570"}],"wp:attachment":[{"href":"https:\/\/www.4plcr.net\/en\/wp-json\/wp\/v2\/media?parent=8569"}],"wp:term":[{"taxonomy":"category","embeddable":true,"href":"https:\/\/www.4plcr.net\/en\/wp-json\/wp\/v2\/categories?post=8569"},{"taxonomy":"post_tag","embeddable":true,"href":"https:\/\/www.4plcr.net\/en\/wp-json\/wp\/v2\/tags?post=8569"}],"curies":[{"name":"wp","href":"https:\/\/api.w.org\/{rel}","templated":true}]}}