{"id":8564,"date":"2022-12-27T16:45:26","date_gmt":"2022-12-27T22:45:26","guid":{"rendered":"https:\/\/www.4plcr.net\/?p=8564"},"modified":"2022-12-27T16:45:26","modified_gmt":"2022-12-27T22:45:26","slug":"ecuador-y-aerolineas-definen-hoja-de-ruta-para-reducir-y-eliminar-varios-impuestos-que-frenan-el-crecimiento-del-sector-aeronautico","status":"publish","type":"post","link":"https:\/\/www.4plcr.net\/en\/ecuador-y-aerolineas-definen-hoja-de-ruta-para-reducir-y-eliminar-varios-impuestos-que-frenan-el-crecimiento-del-sector-aeronautico\/","title":{"rendered":"Ecuador y aerol\u00edneas definen hoja de ruta para reducir y eliminar varios impuestos que frenan el crecimiento del sector aeron\u00e1utico"},"content":{"rendered":"<p>El Gobierno de Ecuador y las aerol\u00edneas que operan en el pa\u00eds alcanzaron un acuerdo para reducir y eliminar una serie de impuestos que el sector aeron\u00e1utico considera que frenan el crecimiento del sector, seg\u00fan anunci\u00f3 en un comunicado la Asociaci\u00f3n de Transporte A\u00e9reo Internacional (IATA).<\/p>\n\n\n\n<p>Esta hoja de ruta contempla la reducci\u00f3n a nivel nacional de los impuestos Eco Delta y Ecuador Potencia Tur\u00edstica, dos tasas que la administraci\u00f3n de Guillermo Lasso hab\u00eda reducido \u00fanicamente para nuevas aerol\u00edneas internacionales que busquen operar en los aeropuertos internacionales de Latacunga (Cotopaxi) y de Manta (Manab\u00ed), ambos administrados por la Direcci\u00f3n General de Aviaci\u00f3n Civil (DGAC), y tambi\u00e9n a aquellos delegados a la administraci\u00f3n local que no est\u00e9n concesionados a un privado.<\/p>\n\n\n\n<p>Meses atr\u00e1s, el gobierno anunci\u00f3 la reducci\u00f3n de la Eco Delta, de 50 a 5 d\u00f3lares; y la de Ecuador Potencia Tur\u00edstica, de 10 a 1 d\u00f3lar para esas terminales a\u00e9reas. La Asociaci\u00f3n de Representantes de L\u00edneas A\u00e9reas en Ecuador (ARLAE) ya hab\u00eda solicitado que la reducci\u00f3n se haga extensiva para todas las aerol\u00edneas y para todos los aeropuertos que tengan calificaci\u00f3n internacional.<\/p>\n\n\n\n<p>Aparte del de Manta y Latacunga, los otros aeropuertos internacionales del pa\u00eds son el Jos\u00e9 Joaqu\u00edn de Olmedo de Guayaquil (el de mayor tr\u00e1fico for\u00e1neo), y el Mariscal Sucre de Quito.<\/p>\n\n\n\n<p>El acuerdo entre el gobierno y las empresas a\u00e9reas tambi\u00e9n contempla la eliminaci\u00f3n del Impuesto de Salida de Divisas (ISD) para las aerol\u00edneas nacionales y del impuesto del combustible de aviaci\u00f3n.&nbsp;<\/p>\n\n\n\n<p>La hoja de ruta fue definida en una reuni\u00f3n mantenida por representantes de la IATA y de la ARLAE en una reuni\u00f3n sostenida con Lasso y con los ministros de Transporte y Obras P\u00fablicas, Dar\u00edo Herrera; y de Turismo, Niels Olsen. Ambas asociaciones agradecieron la disposici\u00f3n del Estado ecuatoriano al di\u00e1logo para emprender unas medidas que anticipan que dotar\u00e1n de competitividad al sector.<\/p>\n\n\n\n<p>Las dos organizaciones recordaron que el sector aeron\u00e1utico es una industria \u201cesencial del desarrollo social de los pa\u00edses que antes de la pandemia contribu\u00eda con 190.000 empleos directos e indirectos en Ecuador y representaba el 3,2 % del producto interno bruto (PIB) ecuatoriano\u201d.<\/p>\n\n\n\n<p><strong>Para m\u00e1s informaci\u00f3n:<\/strong> <a href=\"https:\/\/www.eluniverso.com\/noticias\/ecuador\/ecuador-y-aerolineas-definen-hoja-de-ruta-para-reducir-y-eliminar-varios-impuestos-que-frenan-el-crecimiento-del-sector-aeronautico-nota\/\" target=\"_blank\" rel=\"noreferrer noopener\">https:\/\/www.eluniverso.com\/noticias\/ecuador\/ecuador-y-aerolineas-definen-hoja-de-ruta-para-reducir-y-eliminar-varios-impuestos-que-frenan-el-crecimiento-del-sector-aeronautico-nota\/<\/a><\/p>","protected":false},"excerpt":{"rendered":"<p>El Gobierno de Ecuador y las aerol\u00edneas que operan en el pa\u00eds alcanzaron un acuerdo para reducir y eliminar una serie de impuestos que el sector aeron\u00e1utico considera que frenan el crecimiento del sector, seg\u00fan anunci\u00f3 en un comunicado la Asociaci\u00f3n de Transporte A\u00e9reo Internacional (IATA). Esta hoja de ruta contempla la reducci\u00f3n a nivel [&hellip;]<\/p>\n","protected":false},"author":1,"featured_media":8566,"comment_status":"open","ping_status":"open","sticky":false,"template":"","format":"standard","meta":{"footnotes":""},"categories":[11],"tags":[158,267,268,269,114,20,41,123],"class_list":["post-8564","post","type-post","status-publish","format-standard","has-post-thumbnail","hentry","category-noticias","tag-4pl","tag-4pl-costa-rica","tag-4pl-el-salvador","tag-4pl-guatemala","tag-costa-rica","tag-el-salvador","tag-guatemala","tag-transporte-de-carga"],"aioseo_notices":[],"_links":{"self":[{"href":"https:\/\/www.4plcr.net\/en\/wp-json\/wp\/v2\/posts\/8564","targetHints":{"allow":["GET"]}}],"collection":[{"href":"https:\/\/www.4plcr.net\/en\/wp-json\/wp\/v2\/posts"}],"about":[{"href":"https:\/\/www.4plcr.net\/en\/wp-json\/wp\/v2\/types\/post"}],"author":[{"embeddable":true,"href":"https:\/\/www.4plcr.net\/en\/wp-json\/wp\/v2\/users\/1"}],"replies":[{"embeddable":true,"href":"https:\/\/www.4plcr.net\/en\/wp-json\/wp\/v2\/comments?post=8564"}],"version-history":[{"count":0,"href":"https:\/\/www.4plcr.net\/en\/wp-json\/wp\/v2\/posts\/8564\/revisions"}],"wp:featuredmedia":[{"embeddable":true,"href":"https:\/\/www.4plcr.net\/en\/wp-json\/wp\/v2\/media\/8566"}],"wp:attachment":[{"href":"https:\/\/www.4plcr.net\/en\/wp-json\/wp\/v2\/media?parent=8564"}],"wp:term":[{"taxonomy":"category","embeddable":true,"href":"https:\/\/www.4plcr.net\/en\/wp-json\/wp\/v2\/categories?post=8564"},{"taxonomy":"post_tag","embeddable":true,"href":"https:\/\/www.4plcr.net\/en\/wp-json\/wp\/v2\/tags?post=8564"}],"curies":[{"name":"wp","href":"https:\/\/api.w.org\/{rel}","templated":true}]}}