{"id":8562,"date":"2022-12-26T17:35:07","date_gmt":"2022-12-26T23:35:07","guid":{"rendered":"https:\/\/www.4plcr.net\/?p=8562"},"modified":"2022-12-26T17:35:07","modified_gmt":"2022-12-26T23:35:07","slug":"la-aerolinea-iberia-aumentara-a-18-los-vuelos-semanales-entre-colombia-y-espana","status":"publish","type":"post","link":"https:\/\/www.4plcr.net\/en\/la-aerolinea-iberia-aumentara-a-18-los-vuelos-semanales-entre-colombia-y-espana\/","title":{"rendered":"La aerol\u00ednea Iberia aumentar\u00e1 a 18 los vuelos semanales entre Colombia y Espa\u00f1a"},"content":{"rendered":"<p>La aerol\u00ednea espa\u00f1ola Iberia anunci\u00f3 la apertura de cuatro nuevas frecuencias de vuelos entre Colombia y Espa\u00f1a, llegando a los 18 vuelos semanales. Con esto, la compa\u00f1\u00eda operar\u00e1 dos vuelos diarios, y un tercero los lunes, mi\u00e9rcoles, viernes y domingo. El aumento tendr\u00e1 efecto en la temporada de verano de 2023.<\/p>\n\n\n\n<p>Se trata de un refuerzo de la apuesta de la empresa por Colombia, que es el pa\u00eds latinoamericano donde m\u00e1s ha crecido con respecto a 2019. De hecho, Iberia tiene como objetivo llegar a tres vuelos diarios para finales del pr\u00f3ximo a\u00f1o, es decir, 21 frecuencias semanales. La oferta de asientos disponibles en la ruta Bogot\u00e1-Madrid ser\u00eda cercana a los 660.000. Adicionalmente, de cumplirse la proyecci\u00f3n, Colombia se unir\u00eda a M\u00e9xico como los pa\u00edses con los que Iberia tiene una mayor conectividad.<\/p>\n\n\n\n<p>\u201cColombia es un mercado totalmente estrat\u00e9gico para nosotros, en el que siempre hemos apostado y en el que, sin duda, seguiremos apostando en el futuro. Esta ruta es una de las que ha presentado una recuperaci\u00f3n m\u00e1s r\u00e1pida despu\u00e9s de la pandemia entre todos los pa\u00edses que operamos en Am\u00e9rica Latina y seguimos viendo una demanda robusta tanto en el tr\u00e1fico vacacional como tambi\u00e9n en el de negocios. Es por esto que incrementar las frecuencias con Colombia ten\u00eda todo el sentido estrat\u00e9gico para nosotros\u201d, declar\u00f3 Beatriz Guill\u00e9n, directora de Ventas Globales de Iberia.<\/p>\n\n\n\n<p>Iberia tambi\u00e9n est\u00e1 fortaleciendo su presencia en el resto de Am\u00e9rica Latina. En 2023, agregar\u00e1 tres frecuencias a la semana en el corredor Per\u00fa-Espa\u00f1a, y mantendr\u00e1 los tres vuelos diarios que opera con M\u00e9xico. A nivel regional, la empresa proyecta incrementar sus vuelos directos en 20% respecto a 2022, y en 5% respecto a 2019. Esto supondr\u00e1 un promedio de 266 vuelos semanales que conectar\u00e1 a Am\u00e9rica Latina y a Espa\u00f1a.<\/p>\n\n\n\n<p><strong>Para m\u00e1s informaci\u00f3n:<\/strong> <a href=\"https:\/\/www.larepublica.co\/empresas\/la-aerolinea-espanola-iberia-abrira-4-nuevas-frecuencias-de-vuelos-llegando-a-los-18-vuelos-semanales-entre-colombia-y-espana-3514211\">https:\/\/www.larepublica.co\/empresas\/la-aerolinea-espanola-iberia-abrira-4-nuevas-frecuencias-de-vuelos-llegando-a-los-18-vuelos-semanales-entre-colombia-y-espana-3514211<\/a>&nbsp;<\/p>","protected":false},"excerpt":{"rendered":"<p>La aerol\u00ednea espa\u00f1ola Iberia anunci\u00f3 la apertura de cuatro nuevas frecuencias de vuelos entre Colombia y Espa\u00f1a, llegando a los 18 vuelos semanales. Con esto, la compa\u00f1\u00eda operar\u00e1 dos vuelos diarios, y un tercero los lunes, mi\u00e9rcoles, viernes y domingo. El aumento tendr\u00e1 efecto en la temporada de verano de 2023. Se trata de un [&hellip;]<\/p>\n","protected":false},"author":1,"featured_media":7222,"comment_status":"open","ping_status":"open","sticky":false,"template":"","format":"standard","meta":{"footnotes":""},"categories":[11],"tags":[158,267,268,269,114,20,41,123],"class_list":["post-8562","post","type-post","status-publish","format-standard","has-post-thumbnail","hentry","category-noticias","tag-4pl","tag-4pl-costa-rica","tag-4pl-el-salvador","tag-4pl-guatemala","tag-costa-rica","tag-el-salvador","tag-guatemala","tag-transporte-de-carga"],"aioseo_notices":[],"_links":{"self":[{"href":"https:\/\/www.4plcr.net\/en\/wp-json\/wp\/v2\/posts\/8562","targetHints":{"allow":["GET"]}}],"collection":[{"href":"https:\/\/www.4plcr.net\/en\/wp-json\/wp\/v2\/posts"}],"about":[{"href":"https:\/\/www.4plcr.net\/en\/wp-json\/wp\/v2\/types\/post"}],"author":[{"embeddable":true,"href":"https:\/\/www.4plcr.net\/en\/wp-json\/wp\/v2\/users\/1"}],"replies":[{"embeddable":true,"href":"https:\/\/www.4plcr.net\/en\/wp-json\/wp\/v2\/comments?post=8562"}],"version-history":[{"count":0,"href":"https:\/\/www.4plcr.net\/en\/wp-json\/wp\/v2\/posts\/8562\/revisions"}],"wp:featuredmedia":[{"embeddable":true,"href":"https:\/\/www.4plcr.net\/en\/wp-json\/wp\/v2\/media\/7222"}],"wp:attachment":[{"href":"https:\/\/www.4plcr.net\/en\/wp-json\/wp\/v2\/media?parent=8562"}],"wp:term":[{"taxonomy":"category","embeddable":true,"href":"https:\/\/www.4plcr.net\/en\/wp-json\/wp\/v2\/categories?post=8562"},{"taxonomy":"post_tag","embeddable":true,"href":"https:\/\/www.4plcr.net\/en\/wp-json\/wp\/v2\/tags?post=8562"}],"curies":[{"name":"wp","href":"https:\/\/api.w.org\/{rel}","templated":true}]}}