{"id":8522,"date":"2022-12-07T07:00:00","date_gmt":"2022-12-07T13:00:00","guid":{"rendered":"https:\/\/www.4plcr.net\/?p=8522"},"modified":"2022-12-07T07:00:00","modified_gmt":"2022-12-07T13:00:00","slug":"trafico-aereo-internacional-de-pasajeros-en-la-comunidad-andina-crecio-mas-de-100","status":"publish","type":"post","link":"https:\/\/www.4plcr.net\/en\/trafico-aereo-internacional-de-pasajeros-en-la-comunidad-andina-crecio-mas-de-100\/","title":{"rendered":"Tr\u00e1fico a\u00e9reo internacional de pasajeros en la Comunidad Andina creci\u00f3 m\u00e1s de 100%"},"content":{"rendered":"<p>El tr\u00e1fico a\u00e9reo entre los pa\u00edses que conforman la Comunidad Andina (Bolivia, Colombia, Ecuador y Per\u00fa), creci\u00f3 alrededor de 101,6% frente al mismo mes del a\u00f1o pasado. En total se movieron 2,41 millones de pasajeros entre los cuatro pa\u00edses, seg\u00fan informaci\u00f3n divulgada por el&nbsp;secretario&nbsp;general de la entidad, Jorge Hernando Pedraza.<\/p>\n\n\n\n<p>Al desagregar los datos, se evidencia que el pa\u00eds que registr\u00f3 un mayor aumento fue Per\u00fa, con una tasa de variaci\u00f3n de 147,9%. A este le siguen Bolivia, con 110,4%; Colombia, con 108,1% y Ecuador, con 30,3%. De acuerdo con el informe estad\u00edstico, el movimiento intracomunitario de pasajeros tambi\u00e9n se increment\u00f3, transport\u00e1ndose un total de 315.000 pasajeros entre los cuatro pa\u00edses andinos, cifra superior en 263,4% respecto al mismo mes del a\u00f1o anterior.<\/p>\n\n\n\n<p>Adicionalmente, el informe establece que se dieron 2.721 vuelos intracomunitarios de pasajeros en junio de 2022, incluyendo aterrizajes y despegues, lo que signific\u00f3 un incremento de 171,8% al compararlos con los realizados en el sexto mes de 2021. Durante el sexto mes del a\u00f1o, las l\u00edneas a\u00e9reas que operaron en los pa\u00edses miembros ofertaron 3,09 millones de asientos en sus vuelos internacionales desde y hacia el mundo, de los cuales se ocuparon 2,41 millones, representando un coeficiente de ocupaci\u00f3n de 78,1%.<\/p>\n\n\n\n<p>Colombia fue el pa\u00eds con mayor tasa de ocupaci\u00f3n en junio de 2022 con 82,2%. Le sigue Per\u00fa, con 81,1%; Bolivia, con 80,5%; y Ecuador con, 59,1%. Se destaca que el coeficiente de ocupaci\u00f3n aument\u00f3 en todos los Estados de los que se tiene dicho registro.<\/p>\n\n\n\n<p>En junio de 2022 se efectuaron 16 896 vuelos de pasajeros en los pa\u00edses de la Comunidad Andina entre aterrizajes y despegues, representando un aumento de 86,7% respecto al mismo mes del a\u00f1o anterior. Los vuelos internacionales de pasajeros presentaron el siguiente comportamiento: Per\u00fa registr\u00f3 un aumento de 119,5%, Bolivia de 98,4%, Colombia de 93,8% y Ecuador de 32,1%.<\/p>\n\n\n\n<p>El tr\u00e1fico a\u00e9reo de carga y correo movilizado en la CAN disminuy\u00f3 0,6% comparado con junio de 2021. Lo anterior, como resultado de la menor carga y correo movilizada por Per\u00fa que contribuy\u00f3 con -2,6 puntos porcentuales a la variaci\u00f3n, seguido de Bolivia con una contribuci\u00f3n de -0,2 puntos porcentuales. Ecuador registr\u00f3 un aumento de 54,3% y Colombia de 1,1%.<\/p>\n\n\n\n<p><strong>Para m\u00e1s informaci\u00f3n: <\/strong><a href=\"https:\/\/www.larepublica.co\/globoeconomia\/trafico-aereo-internacional-de-pasajeros-en-la-comunidad-andina-crecio-mas-de-100-3461371\" target=\"_blank\" rel=\"noreferrer noopener\">https:\/\/www.larepublica.co\/globoeconomia\/trafico-aereo-internacional-de-pasajeros-en-la-comunidad-andina-crecio-mas-de-100-3461371<\/a><\/p>","protected":false},"excerpt":{"rendered":"<p>El tr\u00e1fico a\u00e9reo entre los pa\u00edses que conforman la Comunidad Andina (Bolivia, Colombia, Ecuador y Per\u00fa), creci\u00f3 alrededor de 101,6% frente al mismo mes del a\u00f1o pasado. En total se movieron 2,41 millones de pasajeros entre los cuatro pa\u00edses, seg\u00fan informaci\u00f3n divulgada por el&nbsp;secretario&nbsp;general de la entidad, Jorge Hernando Pedraza. Al desagregar los datos, se [&hellip;]<\/p>\n","protected":false},"author":1,"featured_media":8523,"comment_status":"open","ping_status":"open","sticky":false,"template":"","format":"standard","meta":{"footnotes":""},"categories":[11],"tags":[158,267,268,269,114,20,41,123],"class_list":["post-8522","post","type-post","status-publish","format-standard","has-post-thumbnail","hentry","category-noticias","tag-4pl","tag-4pl-costa-rica","tag-4pl-el-salvador","tag-4pl-guatemala","tag-costa-rica","tag-el-salvador","tag-guatemala","tag-transporte-de-carga"],"aioseo_notices":[],"_links":{"self":[{"href":"https:\/\/www.4plcr.net\/en\/wp-json\/wp\/v2\/posts\/8522","targetHints":{"allow":["GET"]}}],"collection":[{"href":"https:\/\/www.4plcr.net\/en\/wp-json\/wp\/v2\/posts"}],"about":[{"href":"https:\/\/www.4plcr.net\/en\/wp-json\/wp\/v2\/types\/post"}],"author":[{"embeddable":true,"href":"https:\/\/www.4plcr.net\/en\/wp-json\/wp\/v2\/users\/1"}],"replies":[{"embeddable":true,"href":"https:\/\/www.4plcr.net\/en\/wp-json\/wp\/v2\/comments?post=8522"}],"version-history":[{"count":0,"href":"https:\/\/www.4plcr.net\/en\/wp-json\/wp\/v2\/posts\/8522\/revisions"}],"wp:featuredmedia":[{"embeddable":true,"href":"https:\/\/www.4plcr.net\/en\/wp-json\/wp\/v2\/media\/8523"}],"wp:attachment":[{"href":"https:\/\/www.4plcr.net\/en\/wp-json\/wp\/v2\/media?parent=8522"}],"wp:term":[{"taxonomy":"category","embeddable":true,"href":"https:\/\/www.4plcr.net\/en\/wp-json\/wp\/v2\/categories?post=8522"},{"taxonomy":"post_tag","embeddable":true,"href":"https:\/\/www.4plcr.net\/en\/wp-json\/wp\/v2\/tags?post=8522"}],"curies":[{"name":"wp","href":"https:\/\/api.w.org\/{rel}","templated":true}]}}