{"id":8478,"date":"2022-11-09T14:30:49","date_gmt":"2022-11-09T20:30:49","guid":{"rendered":"https:\/\/www.4plcr.net\/?p=8478"},"modified":"2022-11-09T14:30:49","modified_gmt":"2022-11-09T20:30:49","slug":"flota-inactiva-de-portacontenedores-continua-con-tendencia-al-alza-a-finales-de-octubre","status":"publish","type":"post","link":"https:\/\/www.4plcr.net\/en\/flota-inactiva-de-portacontenedores-continua-con-tendencia-al-alza-a-finales-de-octubre\/","title":{"rendered":"Flota inactiva de portacontenedores contin\u00faa con tendencia al alza a finales de octubre"},"content":{"rendered":"<p>Por primera vez desde agosto de 2020, la flota inactiva de portacontenedores volvi\u00f3 a superar el umbral de 1,00 Mteu a principios de octubre. En los \u00faltimos quince d\u00edas, la inactividad de los buques continu\u00f3 su impulso al alza, report\u00f3 Alphaliner.<\/p>\n\n\n\n<p>El debilitamiento de la demanda de carga y el descenso de los precios de los fletes han llevado a las navieras a reducir algunos zarpes e incluso a suspender temporalmente una serie de servicios en las principales rutas comerciales entre Oriente y Occidente.<\/p>\n\n\n\n<p>El aumento de la capacidad en dique seco y de capacidad comercialmente inactiva ha impulsado la inactividad de los buques en las \u00faltimas semanas. Las adiciones se produjeron principalmente en el segmento de tama\u00f1o inferior a 1.000 TEUs y en el de m\u00e1s de 12.500 TEUs en el otro extremo del espectro de tama\u00f1o de los buques.<\/p>\n\n\n\n<p>Desde el anterior recuento de Alphaliner, el n\u00famero total de buques inactivos ha aumentado en nueve buques hasta alcanzar las 284 unidades, mientras que la capacidad inactiva global ha aumentado en 125.058 TEUs hasta alcanzar las 1.183.760 TEUs. Esto equivale al 4,6% de la capacidad de la flota mundial de portacontenedores.<\/p>\n\n\n\n<p>Los buques en dique seco y en reparaci\u00f3n representaban el 61% de la capacidad total de la flota inactiva al 24 de octubre. Durante la \u00faltima quincena, otros 14 buques con 62.617 TEUs entraron en los astilleros para un total de 184 unidades y 726.079 TEUs.<\/p>\n\n\n\n<p>La capacidad de los buques comercialmente inactivos tambi\u00e9n aument\u00f3 en 62.441 TEUs para alcanzar las 457.681 TEUs, pero el n\u00famero de buques inactivos se redujo en cinco unidades hasta alcanzar exactamente 100 buques.<\/p>\n\n\n\n<p>Como subsegmento de los buques inactivos, las unidades controladas por navieras descendieron en cuatro buques y se situaron en 72 buques. Sin embargo, en t\u00e9rminos de capacidad, este segmento subi\u00f3 en 64.696 TEUs para alcanzar los 387.090 TEUs.<\/p>\n\n\n\n<p>Por su parte, la capacidad perteneciente a propietarios no operadores (NOOs) descendi\u00f3 ligeramente en una sola unidad y 2.255 TEUs, situ\u00e1ndose en 28 buques para 70.591 TEUs. Esto supuso s\u00f3lo el 15% de la capacidad de los buques comerciales ociosos, frente al 85% de los buques controlados por l\u00edneas navieras.<\/p>\n\n\n\n<p><strong>Para m\u00e1s informaci\u00f3n: <\/strong><a href=\"https:\/\/www.mundomaritimo.cl\/noticias\/flota-inactiva-de-portacontenedores-continua-con-tendencia-al-alza-a-finales-de-octubre\" target=\"_blank\" rel=\"noreferrer noopener\">https:\/\/www.mundomaritimo.cl\/noticias\/flota-inactiva-de-portacontenedores-continua-con-tendencia-al-alza-a-finales-de-octubre<\/a><\/p>\n\n\n\n<p><\/p>","protected":false},"excerpt":{"rendered":"<p>Por primera vez desde agosto de 2020, la flota inactiva de portacontenedores volvi\u00f3 a superar el umbral de 1,00 Mteu a principios de octubre. En los \u00faltimos quince d\u00edas, la inactividad de los buques continu\u00f3 su impulso al alza, report\u00f3 Alphaliner. El debilitamiento de la demanda de carga y el descenso de los precios de [&hellip;]<\/p>\n","protected":false},"author":1,"featured_media":8479,"comment_status":"open","ping_status":"open","sticky":false,"template":"","format":"standard","meta":{"footnotes":""},"categories":[11],"tags":[158,267,268,269,114,20,41,123],"class_list":["post-8478","post","type-post","status-publish","format-standard","has-post-thumbnail","hentry","category-noticias","tag-4pl","tag-4pl-costa-rica","tag-4pl-el-salvador","tag-4pl-guatemala","tag-costa-rica","tag-el-salvador","tag-guatemala","tag-transporte-de-carga"],"aioseo_notices":[],"_links":{"self":[{"href":"https:\/\/www.4plcr.net\/en\/wp-json\/wp\/v2\/posts\/8478","targetHints":{"allow":["GET"]}}],"collection":[{"href":"https:\/\/www.4plcr.net\/en\/wp-json\/wp\/v2\/posts"}],"about":[{"href":"https:\/\/www.4plcr.net\/en\/wp-json\/wp\/v2\/types\/post"}],"author":[{"embeddable":true,"href":"https:\/\/www.4plcr.net\/en\/wp-json\/wp\/v2\/users\/1"}],"replies":[{"embeddable":true,"href":"https:\/\/www.4plcr.net\/en\/wp-json\/wp\/v2\/comments?post=8478"}],"version-history":[{"count":0,"href":"https:\/\/www.4plcr.net\/en\/wp-json\/wp\/v2\/posts\/8478\/revisions"}],"wp:featuredmedia":[{"embeddable":true,"href":"https:\/\/www.4plcr.net\/en\/wp-json\/wp\/v2\/media\/8479"}],"wp:attachment":[{"href":"https:\/\/www.4plcr.net\/en\/wp-json\/wp\/v2\/media?parent=8478"}],"wp:term":[{"taxonomy":"category","embeddable":true,"href":"https:\/\/www.4plcr.net\/en\/wp-json\/wp\/v2\/categories?post=8478"},{"taxonomy":"post_tag","embeddable":true,"href":"https:\/\/www.4plcr.net\/en\/wp-json\/wp\/v2\/tags?post=8478"}],"curies":[{"name":"wp","href":"https:\/\/api.w.org\/{rel}","templated":true}]}}