{"id":8464,"date":"2022-10-28T07:00:00","date_gmt":"2022-10-28T13:00:00","guid":{"rendered":"https:\/\/www.4plcr.net\/?p=8464"},"modified":"2022-10-28T07:00:00","modified_gmt":"2022-10-28T13:00:00","slug":"cicr-el-sector-industrial-esta-creciendo-en-zona-franca-y-regimen-definitivo-puede-comenzar-a-recuperarse","status":"publish","type":"post","link":"https:\/\/www.4plcr.net\/en\/cicr-el-sector-industrial-esta-creciendo-en-zona-franca-y-regimen-definitivo-puede-comenzar-a-recuperarse\/","title":{"rendered":"CICR: El sector industrial est\u00e1 creciendo en Zona Franca y R\u00e9gimen definitivo puede comenzar a recuperarse"},"content":{"rendered":"<p>Los datos publicados por el Banco Central de Costa Rica se\u00f1alan que, al mes de agosto, de acuerdo con el \u00cdndice Mensual de Actividad Manufacturera (IMAM), el sector industrial presenta una tasa de interanual del 5.5% y con una tendencia hacia la aceleraci\u00f3n en los dos \u00faltimos meses.<\/p>\n\n\n\n<p>Ese resultado se explica fundamentalmente por el repunte de la actividad manufacturera en los Reg\u00edmenes Especiales (Zona Franca) que a agosto crece interanualmente un 11.6%, mientras que las actividades del R\u00e9gimen Definitivo presentan una ca\u00edda del -0,6%.<\/p>\n\n\n\n<p>En los Reg\u00edmenes Especiales, los dos \u00faltimos meses muestran claramente una tendencia hacia la aceleraci\u00f3n ya que al mes de junio la tasa interanual era de un 8,3%. La pauta en este comportamiento la imponen los \u201cdispositivos m\u00e9dicos y dentales\u201d ya que la tasa de variaci\u00f3n interanual de estas actividades pas\u00f3 de un 4,7% en abril a un 15,9% en agosto. De acuerdo con el Banco Central tambi\u00e9n ha influido el comportamiento de los \u201cservicios de ensamble y transformaci\u00f3n de bienes\u201d, se\u00f1al\u00f3 Carlos Montenegro, director ejecutivo de la C\u00e1mara de Industrias.<\/p>\n\n\n\n<p>El R\u00e9gimen Definitivo, por su parte, a agosto, acumula 6 meses de tasas interanuales negativas, aunque en los dos \u00faltimos meses se presenta una leve tendencia hacia la aceleraci\u00f3n, que podr\u00eda llevar en los pr\u00f3ximos meses a tasas positivas, pero posiblemente en un proceso de recuperaci\u00f3n lento. A agosto en este r\u00e9gimen destaca el crecimiento de las actividades de \u201ctextiles, prendas de vestir e industria del cuero\u201d y de \u201cproductos alimenticios diversos\u201d con tasas interanuales de 7,9% y 6,6% respectivamente, aunque con tendencias muy diferentes ya que, mientras las primeras muestran una tendencia hacia la desaceleraci\u00f3n en los \u00faltimos 3 meses (14% en mayo), las segundas, por el contrario, muestran una tendencia hacia la aceleraci\u00f3n a partir del mes de marzo, en el que la tasa interanual del IMAM era de un 2%.<\/p>\n\n\n\n<p><strong>Para m\u00e1s informaci\u00f3n: <\/strong><a href=\"https:\/\/cicr.com\/noticias_pt\/cicr-el-sector-industrial-esta-creciendo-en-zona-franca-y-regimen-definitivo-puede-comenzar-a-recuperarse\/\" target=\"_blank\" rel=\"noreferrer noopener\">https:\/\/cicr.com\/noticias_pt\/cicr-el-sector-industrial-esta-creciendo-en-zona-franca-y-regimen-definitivo-puede-comenzar-a-recuperarse\/<\/a>\u00a0<\/p>","protected":false},"excerpt":{"rendered":"<p>Los datos publicados por el Banco Central de Costa Rica se\u00f1alan que, al mes de agosto, de acuerdo con el \u00cdndice Mensual de Actividad Manufacturera (IMAM), el sector industrial presenta una tasa de interanual del 5.5% y con una tendencia hacia la aceleraci\u00f3n en los dos \u00faltimos meses. Ese resultado se explica fundamentalmente por el [&hellip;]<\/p>\n","protected":false},"author":1,"featured_media":8465,"comment_status":"open","ping_status":"open","sticky":false,"template":"","format":"standard","meta":{"footnotes":""},"categories":[11],"tags":[158,267,268,269,114,20,41,123],"class_list":["post-8464","post","type-post","status-publish","format-standard","has-post-thumbnail","hentry","category-noticias","tag-4pl","tag-4pl-costa-rica","tag-4pl-el-salvador","tag-4pl-guatemala","tag-costa-rica","tag-el-salvador","tag-guatemala","tag-transporte-de-carga"],"aioseo_notices":[],"_links":{"self":[{"href":"https:\/\/www.4plcr.net\/en\/wp-json\/wp\/v2\/posts\/8464","targetHints":{"allow":["GET"]}}],"collection":[{"href":"https:\/\/www.4plcr.net\/en\/wp-json\/wp\/v2\/posts"}],"about":[{"href":"https:\/\/www.4plcr.net\/en\/wp-json\/wp\/v2\/types\/post"}],"author":[{"embeddable":true,"href":"https:\/\/www.4plcr.net\/en\/wp-json\/wp\/v2\/users\/1"}],"replies":[{"embeddable":true,"href":"https:\/\/www.4plcr.net\/en\/wp-json\/wp\/v2\/comments?post=8464"}],"version-history":[{"count":0,"href":"https:\/\/www.4plcr.net\/en\/wp-json\/wp\/v2\/posts\/8464\/revisions"}],"wp:featuredmedia":[{"embeddable":true,"href":"https:\/\/www.4plcr.net\/en\/wp-json\/wp\/v2\/media\/8465"}],"wp:attachment":[{"href":"https:\/\/www.4plcr.net\/en\/wp-json\/wp\/v2\/media?parent=8464"}],"wp:term":[{"taxonomy":"category","embeddable":true,"href":"https:\/\/www.4plcr.net\/en\/wp-json\/wp\/v2\/categories?post=8464"},{"taxonomy":"post_tag","embeddable":true,"href":"https:\/\/www.4plcr.net\/en\/wp-json\/wp\/v2\/tags?post=8464"}],"curies":[{"name":"wp","href":"https:\/\/api.w.org\/{rel}","templated":true}]}}