{"id":8461,"date":"2022-10-27T14:16:27","date_gmt":"2022-10-27T20:16:27","guid":{"rendered":"https:\/\/www.4plcr.net\/?p=8461"},"modified":"2022-10-27T14:16:27","modified_gmt":"2022-10-27T20:16:27","slug":"facilitacion-de-comercio-y-dialogo-publico-privado-son-esenciales-para-cosechar-los-beneficios-de-la-apertura-comercial","status":"publish","type":"post","link":"https:\/\/www.4plcr.net\/en\/facilitacion-de-comercio-y-dialogo-publico-privado-son-esenciales-para-cosechar-los-beneficios-de-la-apertura-comercial\/","title":{"rendered":"Facilitaci\u00f3n de comercio y di\u00e1logo p\u00fablico-privado son esenciales para cosechar los beneficios de la apertura comercial"},"content":{"rendered":"<p>Para la C\u00e1mara de Industrias de Costa Rica (CICR), el pa\u00eds acertadamente ha enfocado la ruta hacia el crecimiento econ\u00f3mico a partir de la apertura comercial, la diversificaci\u00f3n productiva y la atracci\u00f3n de la inversi\u00f3n. Sin embargo, consideran que la apertura comercial debe complementarse con acciones tendientes a facilitar el comercio y la competitividad.<\/p>\n\n\n\n<p>El inicio de una pol\u00edtica de apertura comercial de Costa Rica tuvo lugar hace m\u00e1s de cuarenta a\u00f1os, con la incursi\u00f3n en procesos de desgravaci\u00f3n arancelaria unilateral y, posteriormente, con la ratificaci\u00f3n del Acuerdo General sobre Aranceles Aduaneros y Comercio (GATT) en 1990. Posteriormente, en 1995 el pa\u00eds suscribi\u00f3 su primer Tratado de Libre Comercio (TLC), un acuerdo bilateral con M\u00e9xico.<\/p>\n\n\n\n<p>El Tratado de Libre Comercio entre Rep\u00fablica Dominicana, Centroam\u00e9rica y Estados Unidos (CAFTA-DR) fue un punto de inflexi\u00f3n en el proceso de apertura comercial en Costa Rica, no solo por el proceso que se desarroll\u00f3 en torno a su ratificaci\u00f3n sino tambi\u00e9n en virtud del impacto que tuvo esta decisi\u00f3n nacional en la modernizaci\u00f3n del marco normativo nacional.&nbsp;<\/p>\n\n\n\n<p>Hoy, Costa Rica cuenta con 16 Tratados de Libre Comercio (TLCs) vigentes que permiten acceso preferencial de los productos que exportamos a los mercados de m\u00e1s de 57 socios comerciales, correspondientes al 67% del Producto Interno Bruto (PIB) mundial. La plataforma de comercio exterior con la que cuenta el pa\u00eds da acceso a un tercio de la poblaci\u00f3n mundial y a dos tercios del PIB Global. Adicionalmente los TLCs vigentes abarcan el 93% de las exportaciones y el 83% de las importaciones de bienes.<\/p>\n\n\n\n<p>La internacionalizaci\u00f3n del pa\u00eds ha permitido diversificar la matriz de exportaci\u00f3n, elemento que ha sido identificado por la Organizaci\u00f3n para la Cooperaci\u00f3n y el Desarrollo Econ\u00f3micos (OCDE) como estrat\u00e9gico para sobrellevar el embate de la crisis derivada de la pandemia sanitaria que a\u00fan afecta tanto a Costa Rica como al mundo entero. Tambi\u00e9n permiti\u00f3 construir un pa\u00eds cada vez m\u00e1s atractivo para la inversi\u00f3n extranjera. Para 2021 las exportaciones totales del pa\u00eds representaron un 38% del Producto Interno Bruto (PIB); con lo cual mantuvimos por tercer a\u00f1o consecutivo una balanza superavitaria, es decir, las exportaciones fueron mayores que las importaciones.<\/p>\n\n\n\n<p>Seg\u00fan un estudio realizado en 2015 por la Organizaci\u00f3n Mundial del Comercio (OMC), los costos del comercio pueden llegar a representar el equivalente a un arancel ad valorem del 134% en los pa\u00edses de altos ingresos y del 219% en los pa\u00edses en desarrollo. Es por esto que la reducci\u00f3n de los plazos y los costos para comerciar resulta estrat\u00e9gica para la competitividad del pa\u00eds.<\/p>\n\n\n\n<p><strong>Para m\u00e1s informaci\u00f3n: <\/strong><a href=\"https:\/\/cicr.com\/noticias_pt\/facilitacion-de-comercio-y-dialogo-publico-privado-son-esenciales-para-cosechar-los-beneficios-de-la-apertura-comercial\/\" target=\"_blank\" rel=\"noreferrer noopener\">https:\/\/cicr.com\/noticias_pt\/facilitacion-de-comercio-y-dialogo-publico-privado-son-esenciales-para-cosechar-los-beneficios-de-la-apertura-comercial\/<\/a>\u00a0<\/p>","protected":false},"excerpt":{"rendered":"<p>Para la C\u00e1mara de Industrias de Costa Rica (CICR), el pa\u00eds acertadamente ha enfocado la ruta hacia el crecimiento econ\u00f3mico a partir de la apertura comercial, la diversificaci\u00f3n productiva y la atracci\u00f3n de la inversi\u00f3n. Sin embargo, consideran que la apertura comercial debe complementarse con acciones tendientes a facilitar el comercio y la competitividad. El [&hellip;]<\/p>\n","protected":false},"author":1,"featured_media":8462,"comment_status":"open","ping_status":"open","sticky":false,"template":"","format":"standard","meta":{"footnotes":""},"categories":[11],"tags":[158,267,268,269,114,20,41,123],"class_list":["post-8461","post","type-post","status-publish","format-standard","has-post-thumbnail","hentry","category-noticias","tag-4pl","tag-4pl-costa-rica","tag-4pl-el-salvador","tag-4pl-guatemala","tag-costa-rica","tag-el-salvador","tag-guatemala","tag-transporte-de-carga"],"aioseo_notices":[],"_links":{"self":[{"href":"https:\/\/www.4plcr.net\/en\/wp-json\/wp\/v2\/posts\/8461","targetHints":{"allow":["GET"]}}],"collection":[{"href":"https:\/\/www.4plcr.net\/en\/wp-json\/wp\/v2\/posts"}],"about":[{"href":"https:\/\/www.4plcr.net\/en\/wp-json\/wp\/v2\/types\/post"}],"author":[{"embeddable":true,"href":"https:\/\/www.4plcr.net\/en\/wp-json\/wp\/v2\/users\/1"}],"replies":[{"embeddable":true,"href":"https:\/\/www.4plcr.net\/en\/wp-json\/wp\/v2\/comments?post=8461"}],"version-history":[{"count":0,"href":"https:\/\/www.4plcr.net\/en\/wp-json\/wp\/v2\/posts\/8461\/revisions"}],"wp:featuredmedia":[{"embeddable":true,"href":"https:\/\/www.4plcr.net\/en\/wp-json\/wp\/v2\/media\/8462"}],"wp:attachment":[{"href":"https:\/\/www.4plcr.net\/en\/wp-json\/wp\/v2\/media?parent=8461"}],"wp:term":[{"taxonomy":"category","embeddable":true,"href":"https:\/\/www.4plcr.net\/en\/wp-json\/wp\/v2\/categories?post=8461"},{"taxonomy":"post_tag","embeddable":true,"href":"https:\/\/www.4plcr.net\/en\/wp-json\/wp\/v2\/tags?post=8461"}],"curies":[{"name":"wp","href":"https:\/\/api.w.org\/{rel}","templated":true}]}}