{"id":8458,"date":"2022-10-26T13:45:00","date_gmt":"2022-10-26T19:45:00","guid":{"rendered":"https:\/\/www.4plcr.net\/?p=8458"},"modified":"2022-10-26T13:45:00","modified_gmt":"2022-10-26T19:45:00","slug":"mopt-suspende-restriccion-horaria-de-vehiculos-pesados-mientras-se-mantiene-cierre-en-cambronero","status":"publish","type":"post","link":"https:\/\/www.4plcr.net\/en\/mopt-suspende-restriccion-horaria-de-vehiculos-pesados-mientras-se-mantiene-cierre-en-cambronero\/","title":{"rendered":"MOPT suspende restricci\u00f3n horaria de veh\u00edculos pesados mientras se mantiene cierre en Cambronero"},"content":{"rendered":"<p>El Ministerio de Obras P\u00fablicas y Transportes (MOPT) suspendi\u00f3 de forma temporal la restricci\u00f3n horaria de circulaci\u00f3n que tienen los veh\u00edculos que pesan m\u00e1s de seis toneladas mientras se resuelve el cierre en la Ruta 1 a la altura de Cambronero, el cual se mantiene desde el 17 de setiembre pasado.<\/p>\n\n\n\n<p>La resoluci\u00f3n del MOPT fue publicada en el Diario Oficial La Gaceta y se\u00f1ala que la medida regir\u00e1 hasta que sea revocada. Alexander Solano, director de la Polic\u00eda de Tr\u00e1nsito, dijo que acatar\u00e1n esta orden y que no aplicar\u00e1n multas a aquellos veh\u00edculos pesados que circulen en el horario que estaba restringido.<\/p>\n\n\n\n<p>Julio Castilla, presidente de la C\u00e1mara de Comercio de Costa Rica, dijo que ante el panorama actual se requiere de libre tr\u00e1nsito las 24 horas del d\u00eda. Seg\u00fan el decreto cuyos efectos fueron suspendidos, los veh\u00edculos que pesen m\u00e1s de seis toneladas habitualmente tienen restricci\u00f3n para circular por las principales rutas nacionales entre las 6 y las 8 de la ma\u00f1ana y entre las 4:30 y 6:30 de la tarde.<\/p>\n\n\n\n<p><strong>Para m\u00e1s informaci\u00f3n: <\/strong><a href=\"https:\/\/www.monumental.co.cr\/2022\/10\/23\/mopt-suspende-restriccion-horaria-de-vehiculos-pesados-mientras-se-mantiene-cierre-en-cambronero\/\" target=\"_blank\" rel=\"noreferrer noopener\">https:\/\/www.monumental.co.cr\/2022\/10\/23\/mopt-suspende-restriccion-horaria-de-vehiculos-pesados-mientras-se-mantiene-cierre-en-cambronero\/<\/a><\/p>","protected":false},"excerpt":{"rendered":"<p>El Ministerio de Obras P\u00fablicas y Transportes (MOPT) suspendi\u00f3 de forma temporal la restricci\u00f3n horaria de circulaci\u00f3n que tienen los veh\u00edculos que pesan m\u00e1s de seis toneladas mientras se resuelve el cierre en la Ruta 1 a la altura de Cambronero, el cual se mantiene desde el 17 de setiembre pasado. La resoluci\u00f3n del MOPT [&hellip;]<\/p>\n","protected":false},"author":1,"featured_media":8459,"comment_status":"open","ping_status":"open","sticky":false,"template":"","format":"standard","meta":{"footnotes":""},"categories":[11],"tags":[158,267,268,269,114,20,41,123],"class_list":["post-8458","post","type-post","status-publish","format-standard","has-post-thumbnail","hentry","category-noticias","tag-4pl","tag-4pl-costa-rica","tag-4pl-el-salvador","tag-4pl-guatemala","tag-costa-rica","tag-el-salvador","tag-guatemala","tag-transporte-de-carga"],"aioseo_notices":[],"_links":{"self":[{"href":"https:\/\/www.4plcr.net\/en\/wp-json\/wp\/v2\/posts\/8458","targetHints":{"allow":["GET"]}}],"collection":[{"href":"https:\/\/www.4plcr.net\/en\/wp-json\/wp\/v2\/posts"}],"about":[{"href":"https:\/\/www.4plcr.net\/en\/wp-json\/wp\/v2\/types\/post"}],"author":[{"embeddable":true,"href":"https:\/\/www.4plcr.net\/en\/wp-json\/wp\/v2\/users\/1"}],"replies":[{"embeddable":true,"href":"https:\/\/www.4plcr.net\/en\/wp-json\/wp\/v2\/comments?post=8458"}],"version-history":[{"count":0,"href":"https:\/\/www.4plcr.net\/en\/wp-json\/wp\/v2\/posts\/8458\/revisions"}],"wp:featuredmedia":[{"embeddable":true,"href":"https:\/\/www.4plcr.net\/en\/wp-json\/wp\/v2\/media\/8459"}],"wp:attachment":[{"href":"https:\/\/www.4plcr.net\/en\/wp-json\/wp\/v2\/media?parent=8458"}],"wp:term":[{"taxonomy":"category","embeddable":true,"href":"https:\/\/www.4plcr.net\/en\/wp-json\/wp\/v2\/categories?post=8458"},{"taxonomy":"post_tag","embeddable":true,"href":"https:\/\/www.4plcr.net\/en\/wp-json\/wp\/v2\/tags?post=8458"}],"curies":[{"name":"wp","href":"https:\/\/api.w.org\/{rel}","templated":true}]}}