{"id":8451,"date":"2022-10-24T10:55:00","date_gmt":"2022-10-24T16:55:00","guid":{"rendered":"https:\/\/www.4plcr.net\/?p=8451"},"modified":"2022-10-24T10:55:00","modified_gmt":"2022-10-24T16:55:00","slug":"costa-rica-alianza-del-pacifico-generara-mas-y-mejores-oportunidades-de-empleo-24-de-octubre-costa-rica","status":"publish","type":"post","link":"https:\/\/www.4plcr.net\/en\/costa-rica-alianza-del-pacifico-generara-mas-y-mejores-oportunidades-de-empleo-24-de-octubre-costa-rica\/","title":{"rendered":"Costa Rica: Alianza del Pac\u00edfico generar\u00e1 m\u00e1s y mejores oportunidades de empleo"},"content":{"rendered":"<p>La Asociaci\u00f3n de Zonas Francas de Costa Rica (AZOFRAS) mostr\u00f3 su satisfacci\u00f3n ante el aval de los pa\u00edses miembros de la Alianza del Pac\u00edfico para dar inicio a la adhesi\u00f3n de Costa Rica a este bloque comercial.<\/p>\n\n\n\n<p>Carlos Wong, presidente de AZOFRAS asegura que la integraci\u00f3n de Costa Rica a la Alianza del Pac\u00edfico generar\u00e1 m\u00e1s y mejores oportunidades de empleo a trav\u00e9s de un mayor dinamismo de las exportaciones y la atracci\u00f3n de inversi\u00f3n extranjera directa (IED) Wong explic\u00f3 que Costa Rica ha venido realizando esfuerzos por mejorar su competitividad. La adhesi\u00f3n a la Alianza del Pac\u00edfico no s\u00f3lo permitir\u00e1 estrechar relaciones con los pa\u00edses que integran el bloque, sino recibir los beneficios que ofrece la integraci\u00f3n, como abrirse camino a la regi\u00f3n de Asia Pac\u00edfico.<\/p>\n\n\n\n<p>\u201cPara el pa\u00eds representa una valiosa oportunidad de continuar fortaleciendo el clima de inversi\u00f3n y las estrategias para atraer mayor inversi\u00f3n extranjera, que generen m\u00e1s empleos de calidad, formales e inclusivos para los y las costarricenses\u201d, reiter\u00f3 Wong.<\/p>\n\n\n\n<p>Este bloque econ\u00f3mico conformado por M\u00e9xico, Colombia, Per\u00fa\u0301 y Chile, presenta esquemas de cooperaci\u00f3n e integraci\u00f3n econ\u00f3mica que busca crear articulaciones de coproducci\u00f3n y acumulaci\u00f3n de origen entre los pa\u00edses miembro para acceder a nuevos mercados, lo cual representa una oportunidad para que Costa Rica se integre a\u00fan m\u00e1s en las cadenas regionales de valor.<\/p>\n\n\n\n<p>Costa Rica cuenta con tratados de libre comercio con los cuatro miembros actuales, hacia los cuales dirige en conjunto aproximadamente un 7.5% de sus exportaciones. La inversi\u00f3n extranjera directa recibida de esos pa\u00edses representa aproximadamente un 7,7% del total percibido en el per\u00edodo 2017-2021.<\/p>\n\n\n\n<p>El R\u00e9gimen de Zonas Francas es uno de los principales incentivos con el que cuenta Costa Rica para competir con otros pa\u00edses en la atracci\u00f3n de IED. Este sector, conformado por 412 empresas, que generan 187.819 empleos entre directos e indirectos, 11.000 encadenamientos productivos con empresas locales; y exportaciones por US4.340 millones, es un modelo especialmente atractivo para las compa\u00f1\u00edas que buscan establecer o ampliar su operaci\u00f3n en el pa\u00eds gracias a su oferta de mano de obra calificada, buen clima de negocios, locaci\u00f3n geogr\u00e1fica y experiencia probada.<\/p>\n\n\n\n<p><strong>Para m\u00e1s informaci\u00f3n:<\/strong> <a href=\"https:\/\/revistasumma.com\/costa-rica-alianza-del-pacifico-generara-mas-y-mejores-oportunidades-de-empleo\/\">ht<\/a><a href=\"https:\/\/revistasumma.com\/costa-rica-alianza-del-pacifico-generara-mas-y-mejores-oportunidades-de-empleo\/\" target=\"_blank\" rel=\"noreferrer noopener\">tps:\/\/revistasumma.com\/costa-rica-alianza-del-pacifico-generara-mas-y-mejores-oportunidades-de-empleo\/<\/a>&nbsp;<\/p>","protected":false},"excerpt":{"rendered":"<p>La Asociaci\u00f3n de Zonas Francas de Costa Rica (AZOFRAS) mostr\u00f3 su satisfacci\u00f3n ante el aval de los pa\u00edses miembros de la Alianza del Pac\u00edfico para dar inicio a la adhesi\u00f3n de Costa Rica a este bloque comercial. Carlos Wong, presidente de AZOFRAS asegura que la integraci\u00f3n de Costa Rica a la Alianza del Pac\u00edfico generar\u00e1 [&hellip;]<\/p>\n","protected":false},"author":1,"featured_media":8452,"comment_status":"open","ping_status":"open","sticky":false,"template":"","format":"standard","meta":{"footnotes":""},"categories":[11],"tags":[158,267,268,269,114,20,41,123],"class_list":["post-8451","post","type-post","status-publish","format-standard","has-post-thumbnail","hentry","category-noticias","tag-4pl","tag-4pl-costa-rica","tag-4pl-el-salvador","tag-4pl-guatemala","tag-costa-rica","tag-el-salvador","tag-guatemala","tag-transporte-de-carga"],"aioseo_notices":[],"_links":{"self":[{"href":"https:\/\/www.4plcr.net\/en\/wp-json\/wp\/v2\/posts\/8451","targetHints":{"allow":["GET"]}}],"collection":[{"href":"https:\/\/www.4plcr.net\/en\/wp-json\/wp\/v2\/posts"}],"about":[{"href":"https:\/\/www.4plcr.net\/en\/wp-json\/wp\/v2\/types\/post"}],"author":[{"embeddable":true,"href":"https:\/\/www.4plcr.net\/en\/wp-json\/wp\/v2\/users\/1"}],"replies":[{"embeddable":true,"href":"https:\/\/www.4plcr.net\/en\/wp-json\/wp\/v2\/comments?post=8451"}],"version-history":[{"count":0,"href":"https:\/\/www.4plcr.net\/en\/wp-json\/wp\/v2\/posts\/8451\/revisions"}],"wp:featuredmedia":[{"embeddable":true,"href":"https:\/\/www.4plcr.net\/en\/wp-json\/wp\/v2\/media\/8452"}],"wp:attachment":[{"href":"https:\/\/www.4plcr.net\/en\/wp-json\/wp\/v2\/media?parent=8451"}],"wp:term":[{"taxonomy":"category","embeddable":true,"href":"https:\/\/www.4plcr.net\/en\/wp-json\/wp\/v2\/categories?post=8451"},{"taxonomy":"post_tag","embeddable":true,"href":"https:\/\/www.4plcr.net\/en\/wp-json\/wp\/v2\/tags?post=8451"}],"curies":[{"name":"wp","href":"https:\/\/api.w.org\/{rel}","templated":true}]}}