{"id":8447,"date":"2022-10-14T15:03:14","date_gmt":"2022-10-14T21:03:14","guid":{"rendered":"https:\/\/www.4plcr.net\/?p=8447"},"modified":"2022-10-14T15:03:14","modified_gmt":"2022-10-14T21:03:14","slug":"cicr-costa-rica-debe-reforzar-la-reactivacion-economica-a-traves-del-fortalecimiento-del-comercio-exterior","status":"publish","type":"post","link":"https:\/\/www.4plcr.net\/en\/cicr-costa-rica-debe-reforzar-la-reactivacion-economica-a-traves-del-fortalecimiento-del-comercio-exterior\/","title":{"rendered":"CICR: Costa Rica debe reforzar la reactivaci\u00f3n econ\u00f3mica a trav\u00e9s del fortalecimiento del comercio exterior"},"content":{"rendered":"<p>La C\u00e1mara de Industrias de Costa Rica manifest\u00f3 que, en el contexto actual, la reactivaci\u00f3n econ\u00f3mica requiere la definici\u00f3n de \u00e1reas estrat\u00e9gicas y acciones claras, eso implica retomar el fortalecimiento de la apertura comercial y profundizar los procesos de facilitaci\u00f3n del comercio, tanto en el \u00e1mbito del intercambio comercial como la optimizaci\u00f3n de los procesos internos de las instituciones p\u00fablicas.<\/p>\n\n\n\n<p>\u201cHist\u00f3ricamente, la pol\u00edtica de apertura comercial ha sido estrat\u00e9gica para la diversificaci\u00f3n de la oferta exportable del pa\u00eds, la atracci\u00f3n de inversi\u00f3n y el crecimiento econ\u00f3mico; esta es la senda que debemos retomar. Costa Rica debe profundizar la identificaci\u00f3n de nuevos mercados, el posicionamiento en el nuevo orden de las cadenas globales de valor, consolidar los encadenamientos productivos, promover la inversi\u00f3n y facilitar el desarrollo y operaci\u00f3n de las empresas que ya operan en el pa\u00eds, esto permitir\u00e1 aumentar la generaci\u00f3n de empleo, mejorar la calidad de vida de la poblaci\u00f3n y el fortalecimiento de las finanzas p\u00fablicas\u201d manifest\u00f3 Enrique Egloff, presidente ejecutivo de la CICR.<\/p>\n\n\n\n<p>El comercio exterior es un proceso vivo que se mueve r\u00e1pidamente, por lo que ser parte de los di\u00e1logos internacionales en este \u00e1mbito es la \u00fanica manera de no quedarnos atr\u00e1s. Por eso, la C\u00e1mara de Industrias de Costa Rica (CICR) considera que el pa\u00eds lanza un mensaje clave con el inicio de negociaciones para la incorporaci\u00f3n de Costa Rica a la Alianza del Pac\u00edfico y la apertura de las conversaciones tendientes a considerar la adhesi\u00f3n del pa\u00eds al Tratado Integral y Progresivo de Asociaci\u00f3n Transpac\u00edfico (CPTPP); ambas iniciativas son estrat\u00e9gicas para fortalecer las relaciones comerciales con econom\u00edas din\u00e1micas.<\/p>\n\n\n\n<p>\u201cUnirse al CPTPP es otro paso positivo para la pol\u00edtica comercial de Costa Rica. Tengamos presente que la Alianza del Pac\u00edfico es un primer paso y se complementa con el CPTPP, objetivo importante de la pol\u00edtica comercial de COMEX y del Gobierno\u201d, a\u00f1adi\u00f3 Egloff.<\/p>\n\n\n\n<p>El CPTPP entr\u00f3 en vigor en 2018 y se est\u00e1 conformado por Australia, Brun\u00e9i, Canad\u00e1, Chile, Jap\u00f3n, Malasia, M\u00e9xico, Nueva Zelanda, Per\u00fa, Singapur y Vietnam; Reino Unido inici\u00f3 el proceso de adhesi\u00f3n en junio de este a\u00f1o. Este tratado abarca un mercado que representa el 13,5% del Producto Interno Bruto (PIB) mundial, que corresponde aproximadamente a US$13,5 trillones de d\u00f3lares, y una poblaci\u00f3n total de 480 millones de habitantes.<\/p>\n\n\n\n<p>Entre los principales objetivos de este tratado se encuentran, promover la integraci\u00f3n econ\u00f3mica para liberalizar el comercio y la inversi\u00f3n, fomentar el crecimiento y los beneficios sociales, crear nuevas oportunidades, tanto para trabajadores como para empresas, reducir la pobreza y promover el crecimiento sostenible. Lo anterior, de la mano con el mejoramiento de la relaci\u00f3n comercial con los pa\u00edses Parte.&nbsp;<\/p>\n\n\n\n<p><strong>Para m\u00e1s informaci\u00f3n: <\/strong><a href=\"https:\/\/cicr.com\/noticias_pt\/cicr-costa-rica-debe-reforzar-la-reactivacion-economica-a-traves-del-fortalecimiento-del-comercio-exterior\/\" target=\"_blank\" rel=\"noreferrer noopener\">https:\/\/cicr.com\/noticias_pt\/cicr-costa-rica-debe-reforzar-la-reactivacion-economica-a-traves-del-fortalecimiento-del-comercio-exterior\/<\/a>\u00a0<\/p>","protected":false},"excerpt":{"rendered":"<p>La C\u00e1mara de Industrias de Costa Rica manifest\u00f3 que, en el contexto actual, la reactivaci\u00f3n econ\u00f3mica requiere la definici\u00f3n de \u00e1reas estrat\u00e9gicas y acciones claras, eso implica retomar el fortalecimiento de la apertura comercial y profundizar los procesos de facilitaci\u00f3n del comercio, tanto en el \u00e1mbito del intercambio comercial como la optimizaci\u00f3n de los procesos [&hellip;]<\/p>\n","protected":false},"author":1,"featured_media":8448,"comment_status":"open","ping_status":"open","sticky":false,"template":"","format":"standard","meta":{"footnotes":""},"categories":[11],"tags":[158,267,268,269,114,20,41,123],"class_list":["post-8447","post","type-post","status-publish","format-standard","has-post-thumbnail","hentry","category-noticias","tag-4pl","tag-4pl-costa-rica","tag-4pl-el-salvador","tag-4pl-guatemala","tag-costa-rica","tag-el-salvador","tag-guatemala","tag-transporte-de-carga"],"aioseo_notices":[],"_links":{"self":[{"href":"https:\/\/www.4plcr.net\/en\/wp-json\/wp\/v2\/posts\/8447","targetHints":{"allow":["GET"]}}],"collection":[{"href":"https:\/\/www.4plcr.net\/en\/wp-json\/wp\/v2\/posts"}],"about":[{"href":"https:\/\/www.4plcr.net\/en\/wp-json\/wp\/v2\/types\/post"}],"author":[{"embeddable":true,"href":"https:\/\/www.4plcr.net\/en\/wp-json\/wp\/v2\/users\/1"}],"replies":[{"embeddable":true,"href":"https:\/\/www.4plcr.net\/en\/wp-json\/wp\/v2\/comments?post=8447"}],"version-history":[{"count":0,"href":"https:\/\/www.4plcr.net\/en\/wp-json\/wp\/v2\/posts\/8447\/revisions"}],"wp:featuredmedia":[{"embeddable":true,"href":"https:\/\/www.4plcr.net\/en\/wp-json\/wp\/v2\/media\/8448"}],"wp:attachment":[{"href":"https:\/\/www.4plcr.net\/en\/wp-json\/wp\/v2\/media?parent=8447"}],"wp:term":[{"taxonomy":"category","embeddable":true,"href":"https:\/\/www.4plcr.net\/en\/wp-json\/wp\/v2\/categories?post=8447"},{"taxonomy":"post_tag","embeddable":true,"href":"https:\/\/www.4plcr.net\/en\/wp-json\/wp\/v2\/tags?post=8447"}],"curies":[{"name":"wp","href":"https:\/\/api.w.org\/{rel}","templated":true}]}}