{"id":8442,"date":"2022-10-13T16:17:32","date_gmt":"2022-10-13T22:17:32","guid":{"rendered":"https:\/\/www.4plcr.net\/?p=8442"},"modified":"2022-10-13T16:17:32","modified_gmt":"2022-10-13T22:17:32","slug":"negociacion-del-tratado-de-libre-comercio-entre-costa-rica-y-ecuador","status":"publish","type":"post","link":"https:\/\/www.4plcr.net\/en\/negociacion-del-tratado-de-libre-comercio-entre-costa-rica-y-ecuador\/","title":{"rendered":"Negociaci\u00f3n del Tratado de Libre Comercio entre Costa Rica y Ecuador"},"content":{"rendered":"<p>En agosto dio inicio la primera ronda de negociaci\u00f3n del TLC entre Costa Rica y Ecuador. Durante la semana del 8 al 12 de agosto ambos pa\u00edses se reunieron virtualmente para acordar aspectos normativos del futuro tratado y abarcaron temas como definiciones, trato nacional, acceso a mercado, facilitaci\u00f3n del comercio, entre otras, discusi\u00f3n que ya fue concluida.<\/p>\n\n\n\n<p>Posteriormente, del 16 al 23 de agosto el Ministerio de Comercio Exterior (COMEX) convoc\u00f3 a las primeras consultas sectoriales, que abarcaron los siguientes sectores:<\/p>\n\n\n\n<p>Aceites y semillas oleaginosas<\/p>\n\n\n\n<p>Alimentos para animales<\/p>\n\n\n\n<p>Az\u00facar<\/p>\n\n\n\n<p>Banano<\/p>\n\n\n\n<p>Pesca<\/p>\n\n\n\n<p>Bebidas y jugos de frutas<\/p>\n\n\n\n<p>Caf\u00e9<\/p>\n\n\n\n<p>Carne de aves y huevos<\/p>\n\n\n\n<p>Carne de bovino<\/p>\n\n\n\n<p>Carne de cerdo<\/p>\n\n\n\n<p>Cereales y productos de moliner\u00eda<\/p>\n\n\n\n<p>Chocolate<\/p>\n\n\n\n<p>Confiter\u00eda<\/p>\n\n\n\n<p>Embutidos<\/p>\n\n\n\n<p>Flores y plantas ornamentales<\/p>\n\n\n\n<p>Frutas (excepto banano)<\/p>\n\n\n\n<p>Frutas y hortalizas en conserva<\/p>\n\n\n\n<p>Hortalizas y verduras<\/p>\n\n\n\n<p>L\u00e1cteos<\/p>\n\n\n\n<p>Papel, cart\u00f3n y manufacturas<\/p>\n\n\n\n<p>Pl\u00e1stico y manufacturas<\/p>\n\n\n\n<p>Panader\u00eda, bocadillos, galletas y otras preparaciones alimenticias<\/p>\n\n\n\n<p>Pastas alimenticias, salsas y sopas<\/p>\n\n\n\n<p>Bebidas alcoh\u00f3licas<\/p>\n\n\n\n<p>Tabaco y cigarrillos<\/p>\n\n\n\n<p>Caucho y sus manufacturas<\/p>\n\n\n\n<p>El\u00e9ctrica y electr\u00f3nica<\/p>\n\n\n\n<p>Industria cer\u00e1mica, yeso y sus manufacturas<\/p>\n\n\n\n<p>Madera y sus manufacturas<\/p>\n\n\n\n<p>Metales y sus manufacturas<\/p>\n\n\n\n<p>Pieles, cueros y sus manufacturas<\/p>\n\n\n\n<p>Qu\u00edmica-farmac\u00e9utica (1)<\/p>\n\n\n\n<p>Hilados, textiles y confecci\u00f3n<\/p>\n\n\n\n<p>Vidrio y sus manufacturas<br><\/p>\n\n\n\n<p>De conformidad con la agenda planteada por las autoridades nacionales, ambos pa\u00edses intercambiar\u00e1n la primera oferta arancelaria el 12 de septiembre de 2022. Los criterios deber\u00edan indicar la posici\u00f3n del del sector respecto de la negociaci\u00f3n en cuanto a la desgravaci\u00f3n en el socio comercial (Ecuador) y en Costa Rica, as\u00ed como cualquier sensibilidad o plazo de desgravaci\u00f3n que se considere apropiado, indicando las razones del caso.<\/p>\n\n\n\n<p>Las autoridades nacionales proyectan que el proceso de negociaci\u00f3n tarde alrededor de seis meses en los cuales celebrar\u00e1n entre 4 y 5 rondas de negociaci\u00f3n, por lo que el proceso de negociaci\u00f3n ser\u00e1 expedito.<\/p>\n\n\n\n<p><strong>Para m\u00e1s informaci\u00f3n: <\/strong><a href=\"https:\/\/cicr.com\/noticias_pt\/negociacion-tlc-costa-rica-ecuador\/\" target=\"_blank\" rel=\"noreferrer noopener\">https:\/\/cicr.com\/noticias_pt\/negociacion-tlc-costa-rica-ecuador\/<\/a>&nbsp;<\/p>","protected":false},"excerpt":{"rendered":"<p>En agosto dio inicio la primera ronda de negociaci\u00f3n del TLC entre Costa Rica y Ecuador. Durante la semana del 8 al 12 de agosto ambos pa\u00edses se reunieron virtualmente para acordar aspectos normativos del futuro tratado y abarcaron temas como definiciones, trato nacional, acceso a mercado, facilitaci\u00f3n del comercio, entre otras, discusi\u00f3n que ya [&hellip;]<\/p>\n","protected":false},"author":1,"featured_media":8445,"comment_status":"open","ping_status":"open","sticky":false,"template":"","format":"standard","meta":{"footnotes":""},"categories":[11],"tags":[158,267,268,269,50,114,20,41,123],"class_list":["post-8442","post","type-post","status-publish","format-standard","has-post-thumbnail","hentry","category-noticias","tag-4pl","tag-4pl-costa-rica","tag-4pl-el-salvador","tag-4pl-guatemala","tag-comex","tag-costa-rica","tag-el-salvador","tag-guatemala","tag-transporte-de-carga"],"aioseo_notices":[],"_links":{"self":[{"href":"https:\/\/www.4plcr.net\/en\/wp-json\/wp\/v2\/posts\/8442","targetHints":{"allow":["GET"]}}],"collection":[{"href":"https:\/\/www.4plcr.net\/en\/wp-json\/wp\/v2\/posts"}],"about":[{"href":"https:\/\/www.4plcr.net\/en\/wp-json\/wp\/v2\/types\/post"}],"author":[{"embeddable":true,"href":"https:\/\/www.4plcr.net\/en\/wp-json\/wp\/v2\/users\/1"}],"replies":[{"embeddable":true,"href":"https:\/\/www.4plcr.net\/en\/wp-json\/wp\/v2\/comments?post=8442"}],"version-history":[{"count":0,"href":"https:\/\/www.4plcr.net\/en\/wp-json\/wp\/v2\/posts\/8442\/revisions"}],"wp:featuredmedia":[{"embeddable":true,"href":"https:\/\/www.4plcr.net\/en\/wp-json\/wp\/v2\/media\/8445"}],"wp:attachment":[{"href":"https:\/\/www.4plcr.net\/en\/wp-json\/wp\/v2\/media?parent=8442"}],"wp:term":[{"taxonomy":"category","embeddable":true,"href":"https:\/\/www.4plcr.net\/en\/wp-json\/wp\/v2\/categories?post=8442"},{"taxonomy":"post_tag","embeddable":true,"href":"https:\/\/www.4plcr.net\/en\/wp-json\/wp\/v2\/tags?post=8442"}],"curies":[{"name":"wp","href":"https:\/\/api.w.org\/{rel}","templated":true}]}}