{"id":8419,"date":"2022-09-30T15:09:00","date_gmt":"2022-09-30T21:09:00","guid":{"rendered":"https:\/\/www.4plcr.net\/?p=8419"},"modified":"2022-09-30T15:09:00","modified_gmt":"2022-09-30T21:09:00","slug":"mision-comercial-de-ee-uu-promovera-las-exportaciones-en-centroamerica","status":"publish","type":"post","link":"https:\/\/www.4plcr.net\/en\/mision-comercial-de-ee-uu-promovera-las-exportaciones-en-centroamerica\/","title":{"rendered":"Misi\u00f3n comercial de EE.UU. promover\u00e1 las exportaciones en Centroam\u00e9rica"},"content":{"rendered":"<p>Una misi\u00f3n comercial de 32 empresas de Estados Unidos visitar\u00e1 Centroam\u00e9rica desde este jueves hasta el pr\u00f3ximo lunes para promover las exportaciones estadounidenses en la regi\u00f3n y fortalecer las relaciones comerciales bilaterales, inform\u00f3 este martes una fuente oficial en Tegucigalpa.<\/p>\n\n\n\n<p>La misi\u00f3n ser\u00e1 encabezada por la subsecretaria de Comercio para el Comercio Internacional de EE.UU., Marisa Lago, indic\u00f3 la Embajada estadounidense en la capital hondure\u00f1a en un comunicado. \u00abLa Misi\u00f3n Comercial y Conferencia Comercial de Am\u00e9rica Central reunir\u00e1 a empresas estadounidenses con distribuidores, representantes de ventas y otros posibles socios preseleccionados en seis mercados centroamericanos: Belice, Costa Rica, El Salvador, Guatemala, Honduras y Panam\u00e1\u00bb, a\u00f1ade la informaci\u00f3n oficial.<\/p>\n\n\n\n<p>Lago brindar\u00e1 comentarios de apertura en la Conferencia Comercial de Am\u00e9rica Central, que se llevar\u00e1 a cabo en San Jos\u00e9, Costa Rica, donde los representantes comerciales de EE.UU. participar\u00e1n en sesiones espec\u00edficas de la regi\u00f3n y consultas individuales para obtener informaci\u00f3n sobre el mercado y afinar las estrategias comerciales.<\/p>\n\n\n\n<p>Adem\u00e1s, seg\u00fan indic\u00f3 la legaci\u00f3n diplom\u00e1tica, Lago se reunir\u00e1 con el presidente de Costa Rica, Rodrigo Chaves, y otros funcionarios de ese pa\u00eds \u00abpara reforzar los lazos comerciales bilaterales, promover v\u00edas para oportunidades econ\u00f3micas mutuas y abogar por los exportadores estadounidenses\u00bb.<\/p>\n\n\n\n<p>Lago tambi\u00e9n plantear\u00e1 en nombre de las empresas y los trabajadores de EE.UU., cuestiones claves que afectan el comercio en la regi\u00f3n, incluida la eliminaci\u00f3n de las barreras al comercio, implementar pr\u00e1cticas comerciales, regulatorias y de adquisiciones transparentes; garantizar una facilitaci\u00f3n del comercio eficiente y ampliar las oportunidades para las soluciones tecnol\u00f3gicas estadounidenses.<\/p>\n\n\n\n<p>\u00abCentroam\u00e9rica alberga mercados de exportaci\u00f3n cruciales que ofrecen inmensas oportunidades para las empresas y los trabajadores de EE. UU. en todas las industrias\u00bb, se\u00f1ala la subsecretaria de Comercio citada en el comunicado de la Embajada. Asimismo, indica que espera \u00abpoder apoyar a nuestros exportadores y sus trabajadores, abogar por un entorno comercial m\u00e1s s\u00f3lido y trabajar para garantizar que los beneficios del comercio lleguen de manera m\u00e1s amplia y equitativa tanto a los Estados Unidos como a Am\u00e9rica Central\u00bb.<\/p>\n\n\n\n<p><br><strong>Para m\u00e1s informaci\u00f3n<\/strong>: <a href=\"https:\/\/revistasumma.com\/mision-comercial-de-ee-uu-promovera-las-exportaciones-en-centroamerica\/\" target=\"_blank\" rel=\"noreferrer noopener\">https:\/\/revistasumma.com\/mision-comercial-de-ee-uu-promovera-las-exportaciones-en-centroamerica\/<\/a><\/p>","protected":false},"excerpt":{"rendered":"<p>Una misi\u00f3n comercial de 32 empresas de Estados Unidos visitar\u00e1 Centroam\u00e9rica desde este jueves hasta el pr\u00f3ximo lunes para promover las exportaciones estadounidenses en la regi\u00f3n y fortalecer las relaciones comerciales bilaterales, inform\u00f3 este martes una fuente oficial en Tegucigalpa. La misi\u00f3n ser\u00e1 encabezada por la subsecretaria de Comercio para el Comercio Internacional de EE.UU., [&hellip;]<\/p>\n","protected":false},"author":1,"featured_media":8420,"comment_status":"open","ping_status":"open","sticky":false,"template":"","format":"standard","meta":{"footnotes":""},"categories":[11],"tags":[158,267,268,269,114,20,41,123],"class_list":["post-8419","post","type-post","status-publish","format-standard","has-post-thumbnail","hentry","category-noticias","tag-4pl","tag-4pl-costa-rica","tag-4pl-el-salvador","tag-4pl-guatemala","tag-costa-rica","tag-el-salvador","tag-guatemala","tag-transporte-de-carga"],"aioseo_notices":[],"_links":{"self":[{"href":"https:\/\/www.4plcr.net\/en\/wp-json\/wp\/v2\/posts\/8419","targetHints":{"allow":["GET"]}}],"collection":[{"href":"https:\/\/www.4plcr.net\/en\/wp-json\/wp\/v2\/posts"}],"about":[{"href":"https:\/\/www.4plcr.net\/en\/wp-json\/wp\/v2\/types\/post"}],"author":[{"embeddable":true,"href":"https:\/\/www.4plcr.net\/en\/wp-json\/wp\/v2\/users\/1"}],"replies":[{"embeddable":true,"href":"https:\/\/www.4plcr.net\/en\/wp-json\/wp\/v2\/comments?post=8419"}],"version-history":[{"count":0,"href":"https:\/\/www.4plcr.net\/en\/wp-json\/wp\/v2\/posts\/8419\/revisions"}],"wp:featuredmedia":[{"embeddable":true,"href":"https:\/\/www.4plcr.net\/en\/wp-json\/wp\/v2\/media\/8420"}],"wp:attachment":[{"href":"https:\/\/www.4plcr.net\/en\/wp-json\/wp\/v2\/media?parent=8419"}],"wp:term":[{"taxonomy":"category","embeddable":true,"href":"https:\/\/www.4plcr.net\/en\/wp-json\/wp\/v2\/categories?post=8419"},{"taxonomy":"post_tag","embeddable":true,"href":"https:\/\/www.4plcr.net\/en\/wp-json\/wp\/v2\/tags?post=8419"}],"curies":[{"name":"wp","href":"https:\/\/api.w.org\/{rel}","templated":true}]}}