{"id":8382,"date":"2022-09-27T17:58:00","date_gmt":"2022-09-27T23:58:00","guid":{"rendered":"https:\/\/www.4plcr.net\/?p=8382"},"modified":"2022-09-27T17:58:00","modified_gmt":"2022-09-27T23:58:00","slug":"el-salvador-ampliacion-de-la-carretera-del-litoral-comenzara-este-ano-segun-proyeccion-de-gobierno","status":"publish","type":"post","link":"https:\/\/www.4plcr.net\/en\/el-salvador-ampliacion-de-la-carretera-del-litoral-comenzara-este-ano-segun-proyeccion-de-gobierno\/","title":{"rendered":"El Salvador: Ampliaci\u00f3n de la carretera del Litoral comenzar\u00e1 este a\u00f1o, seg\u00fan proyecci\u00f3n de Gobierno"},"content":{"rendered":"<p>El Gobierno del Presidente Nayib Bukele proyecta iniciar los trabajos de ampliaci\u00f3n de la carretera del Litoral antes de que finalice el a\u00f1o. Esta ser\u00e1 otra mega obra dirigida a mejorar la conectividad, especialmente, entre el occidente del pa\u00eds y las playas de La Libertad. El proyecto tendr\u00e1 una inversi\u00f3n aproximada de $203 millones.<\/p>\n\n\n\n<p>\u201cEl Presidente mencionaba que la obra iba a iniciar el siguiente a\u00f1o, pero hemos hecho todo lo humanamente posible para empezar con el primer tramo del proyecto. Ahorita tenemos en licitaci\u00f3n el primer tramo de la obra, que se presentan ofertas el d\u00eda 24 de octubre de este a\u00f1o. Entonces, significa que este a\u00f1o se pondr\u00eda la primera piedra de la obra\u201d, indic\u00f3 el ministro de Obras P\u00fablicas, Romeo Rodr\u00edguez.&nbsp;<\/p>\n\n\n\n<p>La ampliaci\u00f3n abarcar\u00e1 23 kil\u00f3metros que van desde la playa El Obispo hasta la de El Zonte. Los trabajos se desarrollar\u00e1n en tres fases: La primera, va desde El Obispo hasta el redondel Conchal\u00edo; el segundo y tercer tramo que est\u00e1n en la etapa de dise\u00f1o ir\u00e1n desde dicha rotonda hasta el sector de El Zonte.&nbsp;<\/p>\n\n\n\n<p>Adem\u00e1s, el proyecto comprende la construcci\u00f3n de 14 puentes, 3 plazoletas, unos 7 miradores, drenajes, intercambiadores, cableado subterr\u00e1neo, entre otro tipo de obras de paso.&nbsp;<\/p>\n\n\n\n<p>\u201cEl Presidente de la Rep\u00fablica, cuando inaugur\u00f3 el parque de diversiones, en el puerto de La Libertad, \u00e9l mencionaba de Surf City 1, fase 2, y \u00e9l dec\u00eda que algunos proyectos que se iban a ejecutar y uno de ellos es la ampliaci\u00f3n de la carretera del Litoral, desde El Faro hasta el sector de El Zonte\u201d, record\u00f3 el ministro.<\/p>\n\n\n\n<p>Esta obra se sumar\u00e1 a otras como Sunset Park y la carretera Camino a Surf City que ya se encuentran en funcionamiento y que, tambi\u00e9n, forman parte de la estrategia emblem\u00e1tica del Gobierno del Presidente Bukele, Surf City.<\/p>\n\n\n\n<p>Asimismo, hay otro conjunto de proyectos que est\u00e1n en ejecuci\u00f3n y que tambi\u00e9n son parte de esta apuesta como los miradores, la iluminaci\u00f3n y la arborizaci\u00f3n a lo largo del Camino a Sur City, as\u00ed como el mejoramiento del Malec\u00f3n del puerto de La Libertad y otra serie de obras para desarrollar el sector.&nbsp;<\/p>\n\n\n\n<p>Es gracias a las gestiones del Presidente Bukele que ahora la poblaci\u00f3n cuenta con mejores carreteras y con reducciones en los tiempos de traslado hacia diferentes partes del pa\u00eds.<\/p>\n\n\n\n<p><strong>Para m\u00e1s informaci\u00f3n:<\/strong> <a href=\"https:\/\/revistasumma.com\/el-salvador-ampliacion-de-la-carretera-del-litoral-comenzara-este-ano-segun-proyeccion-de-gobierno\/\" target=\"_blank\" rel=\"noreferrer noopener\">https:\/\/revistasumma.com\/el-salvador-ampliacion-de-la-carretera-del-litoral-comenzara-este-ano-segun-proyeccion-de-gobierno\/<\/a><\/p>","protected":false},"excerpt":{"rendered":"<p>El Gobierno del Presidente Nayib Bukele proyecta iniciar los trabajos de ampliaci\u00f3n de la carretera del Litoral antes de que finalice el a\u00f1o. Esta ser\u00e1 otra mega obra dirigida a mejorar la conectividad, especialmente, entre el occidente del pa\u00eds y las playas de La Libertad. El proyecto tendr\u00e1 una inversi\u00f3n aproximada de $203 millones. \u201cEl [&hellip;]<\/p>\n","protected":false},"author":1,"featured_media":8383,"comment_status":"open","ping_status":"open","sticky":false,"template":"","format":"standard","meta":{"footnotes":""},"categories":[11],"tags":[158,267,268,269,114,20,41,123],"class_list":["post-8382","post","type-post","status-publish","format-standard","has-post-thumbnail","hentry","category-noticias","tag-4pl","tag-4pl-costa-rica","tag-4pl-el-salvador","tag-4pl-guatemala","tag-costa-rica","tag-el-salvador","tag-guatemala","tag-transporte-de-carga"],"aioseo_notices":[],"_links":{"self":[{"href":"https:\/\/www.4plcr.net\/en\/wp-json\/wp\/v2\/posts\/8382","targetHints":{"allow":["GET"]}}],"collection":[{"href":"https:\/\/www.4plcr.net\/en\/wp-json\/wp\/v2\/posts"}],"about":[{"href":"https:\/\/www.4plcr.net\/en\/wp-json\/wp\/v2\/types\/post"}],"author":[{"embeddable":true,"href":"https:\/\/www.4plcr.net\/en\/wp-json\/wp\/v2\/users\/1"}],"replies":[{"embeddable":true,"href":"https:\/\/www.4plcr.net\/en\/wp-json\/wp\/v2\/comments?post=8382"}],"version-history":[{"count":0,"href":"https:\/\/www.4plcr.net\/en\/wp-json\/wp\/v2\/posts\/8382\/revisions"}],"wp:featuredmedia":[{"embeddable":true,"href":"https:\/\/www.4plcr.net\/en\/wp-json\/wp\/v2\/media\/8383"}],"wp:attachment":[{"href":"https:\/\/www.4plcr.net\/en\/wp-json\/wp\/v2\/media?parent=8382"}],"wp:term":[{"taxonomy":"category","embeddable":true,"href":"https:\/\/www.4plcr.net\/en\/wp-json\/wp\/v2\/categories?post=8382"},{"taxonomy":"post_tag","embeddable":true,"href":"https:\/\/www.4plcr.net\/en\/wp-json\/wp\/v2\/tags?post=8382"}],"curies":[{"name":"wp","href":"https:\/\/api.w.org\/{rel}","templated":true}]}}