{"id":8371,"date":"2022-09-22T17:09:56","date_gmt":"2022-09-22T23:09:56","guid":{"rendered":"https:\/\/www.4plcr.net\/?p=8371"},"modified":"2022-09-22T17:09:56","modified_gmt":"2022-09-22T23:09:56","slug":"panama-apuesta-a-incrementar-el-potencial-logistico-de-colon","status":"publish","type":"post","link":"https:\/\/www.4plcr.net\/en\/panama-apuesta-a-incrementar-el-potencial-logistico-de-colon\/","title":{"rendered":"Panam\u00e1 apuesta a incrementar el potencial log\u00edstico de Col\u00f3n"},"content":{"rendered":"<p>La infraestructura log\u00edstica que ofrece la costa atl\u00e1ntica contribuye a la promoci\u00f3n del pa\u00eds como hub regional, por lo cual el Gobierno Nacional apuesta a incrementar ese potencial, atraer mayor inversi\u00f3n extranjera directa que beneficie el desarrollo local, destac\u00f3 el ministro de Comercio e Industrias (MICI), Federico Alfaro Boyd, durante su primera gira de trabajo en la ciudad de Col\u00f3n, la cual contempl\u00f3 una reuni\u00f3n con directivos de la C\u00e1mara de Comercio, Agricultura e Industrias de Col\u00f3n (CCAIC) y recorridos en diversas empresas del sector log\u00edstico y tur\u00edstico.<\/p>\n\n\n\n<p>Como parte del plan de recuperaci\u00f3n econ\u00f3mica, se han realizado esfuerzos para impulsar la actualizaci\u00f3n de la hoja de ruta prioritaria de la Estrategia Log\u00edstica Nacional (ELN), indic\u00f3 Alfaro Boyd, ante los miembros de la Junta Directiva de la CCAIC.<\/p>\n\n\n\n<p>Alfaro Boyd tambi\u00e9n se refiri\u00f3 a otras acciones como la aprobaci\u00f3n de la ley para actividades de valor a\u00f1adido en recintos portuarios, la interconexi\u00f3n entre la Ventanilla \u00danica Mar\u00edtima de Panam\u00e1 (VUMPA), el Sistema Integrado de Gesti\u00f3n Aduanera (SIGA) y el Ministerio de Desarrollo Agropecuario (MIDA); la interconexi\u00f3n entre los sistemas de las terminales portuarias y entidades p\u00fablicas, a trav\u00e9s Portal Tecnol\u00f3gico de Comercio Exterior y Log\u00edstica (PORTCEL), la propuesta de modificaci\u00f3n de la ley de Col\u00f3n Puerto Libre y la implementaci\u00f3n de una plataforma de comercio electr\u00f3nico en la Zona Libre de Col\u00f3n.<\/p>\n\n\n\n<p>En el marco de esta gira se recorrieron las instalaciones de Manzanillo International Terminal (MIT Panama), cuya infraestructura comprende una terminal de contenedores y Ro-Ro de primer mundo, amplias \u00e1reas de almacenamiento de contenedores, un parque log\u00edstico y una plataforma multimodal que conecta servicios de transporte mar\u00edtimo, terrestre y a\u00e9reo, seg\u00fan detall\u00f3 Juan Carlos Croston, vicepresidente de Mercadeo.<\/p>\n\n\n\n<p>Asimismo, visitaron las oficinas de la empresa J. Cain &amp; Co, l\u00edder en servicios log\u00edsticos para compa\u00f1\u00edas multinacionales. En este punto fueron recibidos por Luis Carlos Motta, gerente general de la empresa y Julio Calvo, vicepresidente de operaciones. Actualmente, esta compa\u00f1\u00eda posee un centro de distribuci\u00f3n para Latinoam\u00e9rica y el Caribe en la Zona Libre de Col\u00f3n, aportando a la generaci\u00f3n de m\u00e1s de 1,500 empleos, de los cuales el 80% es mano de obra colonense.<\/p>\n\n\n\n<p>\u201cPara el presidente Laurentino Cortizo Cohen y todos los que conformamos su equipo de trabajo, es prioritaria la aceleraci\u00f3n econ\u00f3mica de la provincia de Col\u00f3n y en esa l\u00ednea hemos enfocado m\u00faltiples iniciativas, principalmente de digitalizaci\u00f3n de procesos, capacitaci\u00f3n y fomento de la inversi\u00f3n. Igualmente, trabajamos para posicionarnos como destino ideal entre las empresas de pa\u00edses que deseen fortalecer la cadena de suministro\u201d, agreg\u00f3 el ministro Alfaro Boyd.<\/p>\n\n\n\n<p><strong>Para m\u00e1s informaci\u00f3n: <\/strong><a href=\"https:\/\/revistasumma.com\/panama-apuesta-a-incrementar-el-potencial-logistico-de-colon\/\" target=\"_blank\" rel=\"noreferrer noopener\">https:\/\/revistasumma.com\/panama-apuesta-a-incrementar-el-potencial-logistico-de-colon\/<\/a>\u00a0<\/p>","protected":false},"excerpt":{"rendered":"<p>La infraestructura log\u00edstica que ofrece la costa atl\u00e1ntica contribuye a la promoci\u00f3n del pa\u00eds como hub regional, por lo cual el Gobierno Nacional apuesta a incrementar ese potencial, atraer mayor inversi\u00f3n extranjera directa que beneficie el desarrollo local, destac\u00f3 el ministro de Comercio e Industrias (MICI), Federico Alfaro Boyd, durante su primera gira de trabajo [&hellip;]<\/p>\n","protected":false},"author":1,"featured_media":8372,"comment_status":"open","ping_status":"open","sticky":false,"template":"","format":"standard","meta":{"footnotes":""},"categories":[11],"tags":[158,267,268,269,114,20,41,123],"class_list":["post-8371","post","type-post","status-publish","format-standard","has-post-thumbnail","hentry","category-noticias","tag-4pl","tag-4pl-costa-rica","tag-4pl-el-salvador","tag-4pl-guatemala","tag-costa-rica","tag-el-salvador","tag-guatemala","tag-transporte-de-carga"],"aioseo_notices":[],"_links":{"self":[{"href":"https:\/\/www.4plcr.net\/en\/wp-json\/wp\/v2\/posts\/8371","targetHints":{"allow":["GET"]}}],"collection":[{"href":"https:\/\/www.4plcr.net\/en\/wp-json\/wp\/v2\/posts"}],"about":[{"href":"https:\/\/www.4plcr.net\/en\/wp-json\/wp\/v2\/types\/post"}],"author":[{"embeddable":true,"href":"https:\/\/www.4plcr.net\/en\/wp-json\/wp\/v2\/users\/1"}],"replies":[{"embeddable":true,"href":"https:\/\/www.4plcr.net\/en\/wp-json\/wp\/v2\/comments?post=8371"}],"version-history":[{"count":0,"href":"https:\/\/www.4plcr.net\/en\/wp-json\/wp\/v2\/posts\/8371\/revisions"}],"wp:featuredmedia":[{"embeddable":true,"href":"https:\/\/www.4plcr.net\/en\/wp-json\/wp\/v2\/media\/8372"}],"wp:attachment":[{"href":"https:\/\/www.4plcr.net\/en\/wp-json\/wp\/v2\/media?parent=8371"}],"wp:term":[{"taxonomy":"category","embeddable":true,"href":"https:\/\/www.4plcr.net\/en\/wp-json\/wp\/v2\/categories?post=8371"},{"taxonomy":"post_tag","embeddable":true,"href":"https:\/\/www.4plcr.net\/en\/wp-json\/wp\/v2\/tags?post=8371"}],"curies":[{"name":"wp","href":"https:\/\/api.w.org\/{rel}","templated":true}]}}