{"id":8362,"date":"2022-09-19T15:44:00","date_gmt":"2022-09-19T21:44:00","guid":{"rendered":"https:\/\/www.4plcr.net\/?p=8362"},"modified":"2022-09-19T15:44:00","modified_gmt":"2022-09-19T21:44:00","slug":"expertos-analizan-en-panama-la-situacion-y-los-retos-de-los-mares-de-america-latina","status":"publish","type":"post","link":"https:\/\/www.4plcr.net\/en\/expertos-analizan-en-panama-la-situacion-y-los-retos-de-los-mares-de-america-latina\/","title":{"rendered":"Expertos analizan en Panam\u00e1 la situaci\u00f3n y los retos de los mares de Am\u00e9rica Latina"},"content":{"rendered":"<p>Investigadores y profesionales vinculados a las ciencias del mar analizar\u00e1n desde este martes en Panam\u00e1 la situaci\u00f3n de los mares de Am\u00e9rica Latina as\u00ed como los retos ambientales y de conservaci\u00f3n que enfrentan estos en la regi\u00f3n y todo el mundo.<\/p>\n\n\n\n<p>Se trata del XIX Congreso Latinoamericano de Ciencias del Mar (Colacmar), organizado por la Asociaci\u00f3n Latinoamericana de Investigadores de Ciencias del Mar \u2013 Alicmar, bajo la coordinaci\u00f3n de la Estaci\u00f3n Cient\u00edfica Coiba (Coiba \u2013 AIP) de Panam\u00e1.<\/p>\n\n\n\n<p>El evento, instalado la noche de este lunes con un acto protocolario, se desarrollar\u00e1 hasta el viernes y tratar\u00e1 temas como los ecosistemas costeros; contaminaci\u00f3n ambiental; pol\u00edticas de cooperaci\u00f3n regional; educaci\u00f3n ambiental; procesos costeros y oce\u00e1nicos; mudanzas clim\u00e1ticas globales y pol\u00edticas p\u00fablicas de conservaci\u00f3n de biodiversidad, entre otros.<\/p>\n\n\n\n<p>La agenda incluye el simposio \u00abEstado actual y conservaci\u00f3n de los arrecifes de coral en Latinoam\u00e9rica\u00bb, a cargo de los doctores Juan Jos\u00e9 Alvarado, del Centro de Investigaci\u00f3n en Ciencias del Mar y Limnolog\u00eda (Costa Rica), y del doctor Mathieu Leray, del Instituto Smithsoniam de Investigaciones Tropicales de Panam\u00e1.<\/p>\n\n\n\n<p>Tambi\u00e9n la conferencia magistral \u00abRetos para los ecosistemas marinos en la pr\u00f3xima d\u00e9cada\u00bb, a cargo del doctor \u00c1ngel Borjal AZTI, Espa\u00f1a, un centro cient\u00edfico y tecnol\u00f3gico que desarrolla proyectos de transformaci\u00f3n de alto impacto con organizaciones alineadas con los ODS 2030 de Naciones Unidas.<\/p>\n\n\n\n<p>El papel de los oc\u00e9anos polares en el sistema clim\u00e1tico; la pesquer\u00eda sostenible, o la gesti\u00f3n costera en el contexto de peligros y multiamenazas, centrar\u00e1n otras conferencias y simposios enmarcados en el congreso internacional.<\/p>\n\n\n\n<p>El Congreso Latinoamericano de Ciencias del Mar \u2013 Colacmar es el evento cient\u00edfico-t\u00e9cnico de Ciencias del Mar m\u00e1s importante del continente Americano. Su programaci\u00f3n cuenta con la presentaci\u00f3n de las m\u00e1s nuevas iniciativas cient\u00edficas y la innovaci\u00f3n tecnol\u00f3gica, afirmaron los organizadores.<\/p>\n\n\n\n<p><strong>Para m\u00e1s informaci\u00f3n:<\/strong> <a href=\"https:\/\/revistasumma.com\/expertos-analizan-en-panama-la-situacion-y-los-retos-de-los-mares-de-america-latina\/\" target=\"_blank\" rel=\"noreferrer noopener\">https:\/\/revistasumma.com\/expertos-analizan-en-panama-la-situacion-y-los-retos-de-los-mares-de-america-latina\/<\/a><\/p>","protected":false},"excerpt":{"rendered":"<p>Investigadores y profesionales vinculados a las ciencias del mar analizar\u00e1n desde este martes en Panam\u00e1 la situaci\u00f3n de los mares de Am\u00e9rica Latina as\u00ed como los retos ambientales y de conservaci\u00f3n que enfrentan estos en la regi\u00f3n y todo el mundo. Se trata del XIX Congreso Latinoamericano de Ciencias del Mar (Colacmar), organizado por la [&hellip;]<\/p>\n","protected":false},"author":1,"featured_media":8363,"comment_status":"open","ping_status":"open","sticky":false,"template":"","format":"standard","meta":{"footnotes":""},"categories":[11],"tags":[158,267,268,269,114,20,41,123],"class_list":["post-8362","post","type-post","status-publish","format-standard","has-post-thumbnail","hentry","category-noticias","tag-4pl","tag-4pl-costa-rica","tag-4pl-el-salvador","tag-4pl-guatemala","tag-costa-rica","tag-el-salvador","tag-guatemala","tag-transporte-de-carga"],"aioseo_notices":[],"_links":{"self":[{"href":"https:\/\/www.4plcr.net\/en\/wp-json\/wp\/v2\/posts\/8362","targetHints":{"allow":["GET"]}}],"collection":[{"href":"https:\/\/www.4plcr.net\/en\/wp-json\/wp\/v2\/posts"}],"about":[{"href":"https:\/\/www.4plcr.net\/en\/wp-json\/wp\/v2\/types\/post"}],"author":[{"embeddable":true,"href":"https:\/\/www.4plcr.net\/en\/wp-json\/wp\/v2\/users\/1"}],"replies":[{"embeddable":true,"href":"https:\/\/www.4plcr.net\/en\/wp-json\/wp\/v2\/comments?post=8362"}],"version-history":[{"count":0,"href":"https:\/\/www.4plcr.net\/en\/wp-json\/wp\/v2\/posts\/8362\/revisions"}],"wp:featuredmedia":[{"embeddable":true,"href":"https:\/\/www.4plcr.net\/en\/wp-json\/wp\/v2\/media\/8363"}],"wp:attachment":[{"href":"https:\/\/www.4plcr.net\/en\/wp-json\/wp\/v2\/media?parent=8362"}],"wp:term":[{"taxonomy":"category","embeddable":true,"href":"https:\/\/www.4plcr.net\/en\/wp-json\/wp\/v2\/categories?post=8362"},{"taxonomy":"post_tag","embeddable":true,"href":"https:\/\/www.4plcr.net\/en\/wp-json\/wp\/v2\/tags?post=8362"}],"curies":[{"name":"wp","href":"https:\/\/api.w.org\/{rel}","templated":true}]}}